{"id":93492,"date":"2026-03-11T14:14:49","date_gmt":"2026-03-11T11:14:49","guid":{"rendered":"https:\/\/www.egemtv.com\/?p=93492"},"modified":"2026-03-11T14:14:53","modified_gmt":"2026-03-11T11:14:53","slug":"salihli-belediyesporda-sok-ayrilik-teknik-direktor-zeki-erguvan-ile-yollar-ayrildi","status":"publish","type":"post","link":"https:\/\/www.egemtv.com\/?p=93492","title":{"rendered":"Salihli Belediyespor\u2019da \u015fok ayr\u0131l\u0131k: Teknik Direkt\u00f6r Zeki Erguvan ile yollar ayr\u0131ld\u0131"},"content":{"rendered":"<p>Manisa S\u00fcper Amat\u00f6r K\u00fcme ekiplerinden Salihli Belediyespor\u2019da teknik direkt\u00f6rl\u00fck g\u00f6revini y\u00fcr\u00fcten Zeki Erguvan ile yollar\u0131n ayr\u0131ld\u0131\u011f\u0131 \u00f6\u011frenildi.<br \/>\n<br \/>Manisa S\u00fcper Amat\u00f6r K\u00fcme\u2019de Salihli\u2019yi temsil eden ye\u015fil-beyazl\u0131 ekipte teknik direkt\u00f6r de\u011fi\u015fikli\u011fi ya\u015fan\u0131yor. Kul\u00fcb\u00fc yakla\u015f\u0131k 2 y\u0131ld\u0131r \u00e7al\u0131\u015ft\u0131ran Zeki Erguvan ile kar\u015f\u0131l\u0131kl\u0131 anla\u015fma sonucunda yollar\u0131n ayr\u0131ld\u0131\u011f\u0131 bildirildi.<br \/>\n<br \/>Erguvan y\u00f6netimindeki Salihli Belediyespor, ge\u00e7ti\u011fimiz sezon grubunda \u015fampiyonluk ya\u015farken \u00f6nemli bir ba\u015far\u0131ya imza atm\u0131\u015ft\u0131. Ye\u015fil-beyazl\u0131 ekip, bu sezon ise son iki haftada ald\u0131\u011f\u0131 \u00fcst \u00fcste ma\u011flubiyetlerin ard\u0131ndan ligi 2. s\u0131rada tamamlad\u0131.<br \/>\n<br \/>Kul\u00fcp y\u00f6netimi, g\u00f6rev s\u00fcresi boyunca tak\u0131ma verdi\u011fi katk\u0131lardan dolay\u0131 Zeki Erguvan\u2019a te\u015fekk\u00fcr ederek ba\u015far\u0131lar diledi.<br \/><\/p>\n","protected":false},"excerpt":{"rendered":"<p>Manisa S\u00fcper Amat\u00f6r K\u00fcme ekiplerinden Salihli Belediyespor\u2019da teknik direkt\u00f6rl\u00fck g\u00f6revini y\u00fcr\u00fcten Zeki Erguvan ile yollar\u0131n ayr\u0131ld\u0131\u011f\u0131 \u00f6\u011frenildi. Manisa S\u00fcper Amat\u00f6r K\u00fcme\u2019de Salihli\u2019yi temsil eden ye\u015fil-beyazl\u0131 ekipte teknik direkt\u00f6r de\u011fi\u015fikli\u011fi ya\u015fan\u0131yor. Kul\u00fcb\u00fc yakla\u015f\u0131k 2 y\u0131ld\u0131r \u00e7al\u0131\u015ft\u0131ran Zeki Erguvan ile kar\u015f\u0131l\u0131kl\u0131 anla\u015fma sonucunda yollar\u0131n ayr\u0131ld\u0131\u011f\u0131 bildirildi. Erguvan y\u00f6netimindeki Salihli Belediyespor, ge\u00e7ti\u011fimiz sezon grubunda \u015fampiyonluk ya\u015farken \u00f6nemli bir&#8230;<\/p>\n","protected":false},"author":1,"featured_media":93493,"comment_status":"open","ping_status":"open","sticky":false,"template":"","format":"standard","meta":{"_crdt_document":"","footnotes":""},"categories":[4],"tags":[],"class_list":["post-93492","post","type-post","status-publish","format-standard","has-post-thumbnail","hentry","category-spor"],"_links":{"self":[{"href":"https:\/\/www.egemtv.com\/index.php?rest_route=\/wp\/v2\/posts\/93492","targetHints":{"allow":["GET"]}}],"collection":[{"href":"https:\/\/www.egemtv.com\/index.php?rest_route=\/wp\/v2\/posts"}],"about":[{"href":"https:\/\/www.egemtv.com\/index.php?rest_route=\/wp\/v2\/types\/post"}],"author":[{"embeddable":true,"href":"https:\/\/www.egemtv.com\/index.php?rest_route=\/wp\/v2\/users\/1"}],"replies":[{"embeddable":true,"href":"https:\/\/www.egemtv.com\/index.php?rest_route=%2Fwp%2Fv2%2Fcomments&post=93492"}],"version-history":[{"count":1,"href":"https:\/\/www.egemtv.com\/index.php?rest_route=\/wp\/v2\/posts\/93492\/revisions"}],"predecessor-version":[{"id":93494,"href":"https:\/\/www.egemtv.com\/index.php?rest_route=\/wp\/v2\/posts\/93492\/revisions\/93494"}],"wp:featuredmedia":[{"embeddable":true,"href":"https:\/\/www.egemtv.com\/index.php?rest_route=\/wp\/v2\/media\/93493"}],"wp:attachment":[{"href":"https:\/\/www.egemtv.com\/index.php?rest_route=%2Fwp%2Fv2%2Fmedia&parent=93492"}],"wp:term":[{"taxonomy":"category","embeddable":true,"href":"https:\/\/www.egemtv.com\/index.php?rest_route=%2Fwp%2Fv2%2Fcategories&post=93492"},{"taxonomy":"post_tag","embeddable":true,"href":"https:\/\/www.egemtv.com\/index.php?rest_route=%2Fwp%2Fv2%2Ftags&post=93492"}],"curies":[{"name":"wp","href":"https:\/\/api.w.org\/{rel}","templated":true}]}}