{"id":93489,"date":"2026-03-11T13:55:04","date_gmt":"2026-03-11T10:55:04","guid":{"rendered":"https:\/\/www.egemtv.com\/?p=93489"},"modified":"2026-03-11T13:55:05","modified_gmt":"2026-03-11T10:55:05","slug":"adude-bisiklet-turu-duzenlendi","status":"publish","type":"post","link":"https:\/\/www.egemtv.com\/?p=93489","title":{"rendered":"AD\u00dc\u2019de bisiklet turu d\u00fczenlendi"},"content":{"rendered":"<p>Ayd\u0131n Adnan Menderes \u00dcniversitesi T\u0131p Fak\u00fcltesi\u2019nde 14 Mart T\u0131p Bayram\u0131 Haftas\u0131 etkinlikleri kapsam\u0131nda bisiklet turu d\u00fczenlendi.<\/p>\n<p>Kamp\u00fcs i\u00e7erisinde ger\u00e7ekle\u015ftirilen etkinlikte kat\u0131l\u0131mc\u0131lar birlikte pedal \u00e7evirerek hem fiziksel aktivitenin hem de sa\u011fl\u0131kl\u0131 ya\u015fam\u0131n \u00f6nemine dikkat \u00e7ekti. Etkinlik ayn\u0131 zamanda \u00e7evre dostu ula\u015f\u0131m\u0131n te\u015fvik edilmesi ve s\u00fcrd\u00fcr\u00fclebilir ya\u015fam bilincinin art\u0131r\u0131lmas\u0131 a\u00e7\u0131s\u0131ndan da \u00f6nemli bir fark\u0131ndal\u0131k olu\u015fturdu. Do\u011fayla i\u00e7 i\u00e7e ger\u00e7ekle\u015ftirilen bisiklet turunda kat\u0131l\u0131mc\u0131lar keyifli anlar ya\u015farken, hareketli ya\u015fam\u0131n sa\u011fl\u0131k \u00fczerindeki olumlu etkilerine vurgu yap\u0131ld\u0131. Sa\u011fl\u0131k, spor ve \u00e7evre bilincini bir araya getiren etkinlik, 14 Mart T\u0131p Bayram\u0131 Haftas\u0131 kapsam\u0131nda d\u00fczenlenen faaliyetler aras\u0131nda yer ald\u0131.<\/p>\n<p>AD\u00dc Kamp\u00fcs\u00fc i\u00e7erisinde d\u00fczenlenen bisiklet turuna \u00f6\u011fretim \u00fcyeleri, ara\u015ft\u0131rma g\u00f6revlileri ve \u00f6\u011frenciler kat\u0131l\u0131m sa\u011flad\u0131.<br \/><\/p>\n","protected":false},"excerpt":{"rendered":"<p>Ayd\u0131n Adnan Menderes \u00dcniversitesi T\u0131p Fak\u00fcltesi\u2019nde 14 Mart T\u0131p Bayram\u0131 Haftas\u0131 etkinlikleri kapsam\u0131nda bisiklet turu d\u00fczenlendi. Kamp\u00fcs i\u00e7erisinde ger\u00e7ekle\u015ftirilen etkinlikte kat\u0131l\u0131mc\u0131lar birlikte pedal \u00e7evirerek hem fiziksel aktivitenin hem de sa\u011fl\u0131kl\u0131 ya\u015fam\u0131n \u00f6nemine dikkat \u00e7ekti. Etkinlik ayn\u0131 zamanda \u00e7evre dostu ula\u015f\u0131m\u0131n te\u015fvik edilmesi ve s\u00fcrd\u00fcr\u00fclebilir ya\u015fam bilincinin art\u0131r\u0131lmas\u0131 a\u00e7\u0131s\u0131ndan da \u00f6nemli bir fark\u0131ndal\u0131k olu\u015fturdu. Do\u011fayla i\u00e7&#8230;<\/p>\n","protected":false},"author":1,"featured_media":93490,"comment_status":"open","ping_status":"open","sticky":false,"template":"","format":"standard","meta":{"_crdt_document":"","footnotes":""},"categories":[1],"tags":[],"class_list":["post-93489","post","type-post","status-publish","format-standard","has-post-thumbnail","hentry","category-guncel"],"_links":{"self":[{"href":"https:\/\/www.egemtv.com\/index.php?rest_route=\/wp\/v2\/posts\/93489","targetHints":{"allow":["GET"]}}],"collection":[{"href":"https:\/\/www.egemtv.com\/index.php?rest_route=\/wp\/v2\/posts"}],"about":[{"href":"https:\/\/www.egemtv.com\/index.php?rest_route=\/wp\/v2\/types\/post"}],"author":[{"embeddable":true,"href":"https:\/\/www.egemtv.com\/index.php?rest_route=\/wp\/v2\/users\/1"}],"replies":[{"embeddable":true,"href":"https:\/\/www.egemtv.com\/index.php?rest_route=%2Fwp%2Fv2%2Fcomments&post=93489"}],"version-history":[{"count":1,"href":"https:\/\/www.egemtv.com\/index.php?rest_route=\/wp\/v2\/posts\/93489\/revisions"}],"predecessor-version":[{"id":93491,"href":"https:\/\/www.egemtv.com\/index.php?rest_route=\/wp\/v2\/posts\/93489\/revisions\/93491"}],"wp:featuredmedia":[{"embeddable":true,"href":"https:\/\/www.egemtv.com\/index.php?rest_route=\/wp\/v2\/media\/93490"}],"wp:attachment":[{"href":"https:\/\/www.egemtv.com\/index.php?rest_route=%2Fwp%2Fv2%2Fmedia&parent=93489"}],"wp:term":[{"taxonomy":"category","embeddable":true,"href":"https:\/\/www.egemtv.com\/index.php?rest_route=%2Fwp%2Fv2%2Fcategories&post=93489"},{"taxonomy":"post_tag","embeddable":true,"href":"https:\/\/www.egemtv.com\/index.php?rest_route=%2Fwp%2Fv2%2Ftags&post=93489"}],"curies":[{"name":"wp","href":"https:\/\/api.w.org\/{rel}","templated":true}]}}