{"id":93486,"date":"2026-03-11T13:55:03","date_gmt":"2026-03-11T10:55:03","guid":{"rendered":"https:\/\/www.egemtv.com\/?p=93486"},"modified":"2026-03-11T13:55:03","modified_gmt":"2026-03-11T10:55:03","slug":"isitme-engelliler-sampiyonlar-ligi-ilk-kez-manisada","status":"publish","type":"post","link":"https:\/\/www.egemtv.com\/?p=93486","title":{"rendered":"\u0130\u015fitme Engelliler \u015eampiyonlar Ligi ilk kez Manisa\u2019da"},"content":{"rendered":"<p>Avrupa\u2019n\u0131n en prestijli i\u015fitme engelliler futbol organizasyonlar\u0131ndan Deaf Champions League, 27 Nisan-2 May\u0131s 2026 tarihleri aras\u0131nda ilk kez T\u00fcrkiye\u2019de ve Manisa\u2019da d\u00fczenlenecek.<br \/>\n<br \/>Avrupa\u2019n\u0131n en \u00f6nemli i\u015fitme engelliler futbol organizasyonlar\u0131ndan biri olan Deaf Champions League (DCL) &#8211; Avrupa \u0130\u015fitme Engelliler \u015eampiyonlar Ligi, 27 Nisan &#8211; 2 May\u0131s 2026 tarihleri aras\u0131nda ilk kez T\u00fcrkiye\u2019de ve Manisa\u2019da ger\u00e7ekle\u015ftirilecek.<br \/>\n<br \/>Manisa \u0130\u015fitme Engelliler Spor Kul\u00fcb\u00fc Ba\u015fkan\u0131 Bilal Cansu, 16 y\u0131ld\u0131r Avrupa\u2019n\u0131n farkl\u0131 \u00fclkelerinde kesintisiz olarak d\u00fczenlenen turnuvan\u0131n i\u015fitme engelli sporcular i\u00e7in kul\u00fcpler d\u00fczeyindeki en \u00fcst organizasyonlardan biri oldu\u011funu s\u00f6yledi.<\/p>\n<p>12 tak\u0131m Manisa\u2019da m\u00fccadele edecek<br \/>\n<br \/>Organizasyonun Manisa\u2019ya kazand\u0131r\u0131lmas\u0131n\u0131n uzun bir s\u00fcrecin ard\u0131ndan ger\u00e7ekle\u015fti\u011fini belirten Cansu, Avrupa\u2019dan 9 tak\u0131m ve T\u00fcrkiye\u2019den 3 tak\u0131m olmak \u00fczere toplam 12 tak\u0131m\u0131n turnuvaya kat\u0131laca\u011f\u0131n\u0131 ifade etti. Turnuva kapsam\u0131nda yakla\u015f\u0131k 400 sporcu ve teknik ekibin Manisa\u2019ya gelece\u011fini kaydeden Cansu, organizasyonun binlerce ziyaret\u00e7iyi de \u015fehre \u00e7ekmesinin beklendi\u011fini belirtti.<\/p>\n<p>Manisa\u2019n\u0131n tan\u0131t\u0131m\u0131na katk\u0131 sa\u011flayacak<br \/>\n<br \/>Turnuvan\u0131n Manisa\u2019n\u0131n tan\u0131t\u0131m\u0131 a\u00e7\u0131s\u0131ndan \u00f6nemli bir f\u0131rsat oldu\u011funu vurgulayan Cansu, organizasyonun \u015fehir ekonomisine de katk\u0131 sa\u011flayaca\u011f\u0131n\u0131 ifade ederek, &#8220;Bu prestijli etkinlik y\u00fczlerce kat\u0131l\u0131mc\u0131y\u0131 ve binlerce izleyiciyi \u015fehrimizde a\u011f\u0131rlayacak. Esnaf\u0131m\u0131za ve yerel ekonomiye do\u011frudan katk\u0131 sa\u011flayacak, Manisa\u2019n\u0131n dinamizmini t\u00fcm Avrupa\u2019ya g\u00f6sterecektir. Ayr\u0131ca engelli sporuna y\u00f6nelik fark\u0131ndal\u0131\u011f\u0131n artmas\u0131na ve \u015fehrimizin k\u00fclt\u00fcrel ile sportif altyap\u0131s\u0131n\u0131n tan\u0131t\u0131lmas\u0131na katk\u0131 sa\u011flayacakt\u0131r.&#8221; dedi.<\/p>\n<p>Manisa ekibi ilk kez kat\u0131lacak<br \/>\n<br \/>Manisa \u0130\u015fitme Engelliler Spor Kul\u00fcb\u00fc\u2019n\u00fcn turnuvaya ev sahibi olarak tarihinde ilk kez kat\u0131laca\u011f\u0131n\u0131 belirten Cansu, g\u00fc\u00e7l\u00fc bir kadro kurarak Manisa\u2019y\u0131 ve T\u00fcrkiye\u2019yi en iyi \u015fekilde temsil etmeyi hedeflediklerini s\u00f6yledi.<br \/>\n<br \/>Cansu, organizasyonun Manisa\u2019ya kazand\u0131r\u0131lmas\u0131nda destek veren Gen\u00e7lik ve Spor Bakan\u0131 Osman A\u015fk\u0131n Bak ile Manisa B\u00fcy\u00fck\u015fehir Belediye Ba\u015fkan\u0131 Besim Dutlulu\u2019ya te\u015fekk\u00fcr etti.<br \/>\n<br \/>Turnuvan\u0131n kura \u00e7ekiminin ise 12 Mart 2026 tarihinde saat 16.00\u2019da \u0130talya\u2019n\u0131n Roma kentinde yap\u0131laca\u011f\u0131 bildirildi.<br \/><\/p>\n","protected":false},"excerpt":{"rendered":"<p>Avrupa\u2019n\u0131n en prestijli i\u015fitme engelliler futbol organizasyonlar\u0131ndan Deaf Champions League, 27 Nisan-2 May\u0131s 2026 tarihleri aras\u0131nda ilk kez T\u00fcrkiye\u2019de ve Manisa\u2019da d\u00fczenlenecek. Avrupa\u2019n\u0131n en \u00f6nemli i\u015fitme engelliler futbol organizasyonlar\u0131ndan biri olan Deaf Champions League (DCL) &#8211; Avrupa \u0130\u015fitme Engelliler \u015eampiyonlar Ligi, 27 Nisan &#8211; 2 May\u0131s 2026 tarihleri aras\u0131nda ilk kez T\u00fcrkiye\u2019de ve Manisa\u2019da ger\u00e7ekle\u015ftirilecek&#8230;.<\/p>\n","protected":false},"author":1,"featured_media":93487,"comment_status":"open","ping_status":"open","sticky":false,"template":"","format":"standard","meta":{"_crdt_document":"","footnotes":""},"categories":[4],"tags":[],"class_list":["post-93486","post","type-post","status-publish","format-standard","has-post-thumbnail","hentry","category-spor"],"_links":{"self":[{"href":"https:\/\/www.egemtv.com\/index.php?rest_route=\/wp\/v2\/posts\/93486","targetHints":{"allow":["GET"]}}],"collection":[{"href":"https:\/\/www.egemtv.com\/index.php?rest_route=\/wp\/v2\/posts"}],"about":[{"href":"https:\/\/www.egemtv.com\/index.php?rest_route=\/wp\/v2\/types\/post"}],"author":[{"embeddable":true,"href":"https:\/\/www.egemtv.com\/index.php?rest_route=\/wp\/v2\/users\/1"}],"replies":[{"embeddable":true,"href":"https:\/\/www.egemtv.com\/index.php?rest_route=%2Fwp%2Fv2%2Fcomments&post=93486"}],"version-history":[{"count":1,"href":"https:\/\/www.egemtv.com\/index.php?rest_route=\/wp\/v2\/posts\/93486\/revisions"}],"predecessor-version":[{"id":93488,"href":"https:\/\/www.egemtv.com\/index.php?rest_route=\/wp\/v2\/posts\/93486\/revisions\/93488"}],"wp:featuredmedia":[{"embeddable":true,"href":"https:\/\/www.egemtv.com\/index.php?rest_route=\/wp\/v2\/media\/93487"}],"wp:attachment":[{"href":"https:\/\/www.egemtv.com\/index.php?rest_route=%2Fwp%2Fv2%2Fmedia&parent=93486"}],"wp:term":[{"taxonomy":"category","embeddable":true,"href":"https:\/\/www.egemtv.com\/index.php?rest_route=%2Fwp%2Fv2%2Fcategories&post=93486"},{"taxonomy":"post_tag","embeddable":true,"href":"https:\/\/www.egemtv.com\/index.php?rest_route=%2Fwp%2Fv2%2Ftags&post=93486"}],"curies":[{"name":"wp","href":"https:\/\/api.w.org\/{rel}","templated":true}]}}