{"id":93483,"date":"2026-03-11T13:55:02","date_gmt":"2026-03-11T10:55:02","guid":{"rendered":"https:\/\/www.egemtv.com\/?p=93483"},"modified":"2026-03-11T13:55:02","modified_gmt":"2026-03-11T10:55:02","slug":"aydin-il-saglik-mudurulugunden-kamuoyu-aciklamasi","status":"publish","type":"post","link":"https:\/\/www.egemtv.com\/?p=93483","title":{"rendered":"Ayd\u0131n \u0130l Sa\u011fl\u0131k M\u00fcd\u00fcr\u00fcl\u00fc\u011f\u00fc\u2019nden kamuoyu a\u00e7\u0131klamas\u0131"},"content":{"rendered":"<p>Ayd\u0131n \u0130l Sa\u011fl\u0131k M\u00fcd\u00fcrl\u00fc\u011f\u00fc yapt\u0131\u011f\u0131 kamuoyu bilgilendirmesi ile \u015eehir Hastanesi\u2019ne konulan otomatlar\u0131n usul\u00fcne uygun ihale ile yerle\u015ftirildi\u011fini belirterek, yerel bir internet haber sitesinde otomatlar\u0131n Ak Parti Ayd\u0131n Milletvekili Mustafa Sava\u015f\u2019a se\u00e7im d\u00f6neminde ara\u00e7 deste\u011fi sa\u011flayan ki\u015fiye verildi\u011fi y\u00f6n\u00fcndeki iddialar\u0131n ger\u00e7e\u011fi yans\u0131tmad\u0131\u011f\u0131 belirtildi.<br \/>\n<br \/>Ayd\u0131n \u0130l Sa\u011fl\u0131k M\u00fcd\u00fcrl\u00fc\u011f\u00fc taraf\u0131ndan yap\u0131lan a\u00e7\u0131klamada &#8220;Baz\u0131 internet sitelerinde Ayd\u0131n \u015eehir Hastanesi yerle\u015fkesinde bulunan ticari alanlara ili\u015fkin ger\u00e7e\u011fi yans\u0131tmayan haberlerin yer ald\u0131\u011f\u0131 g\u00f6r\u00fclm\u00fc\u015ft\u00fcr. Kamuoyunun do\u011fru bilgilendirilmesi amac\u0131yla a\u015fa\u011f\u0131daki a\u00e7\u0131klaman\u0131n yap\u0131lmas\u0131 gerekli g\u00f6r\u00fclm\u00fc\u015ft\u00fcr.<br \/>\n<br \/>Ayd\u0131n \u015eehir Hastanesi yerle\u015fkesinde bulunan kantin alanlar\u0131na ili\u015fkin s\u00fcre\u00e7, Sa\u011fl\u0131k Bakanl\u0131\u011f\u0131m\u0131z\u0131n uluslararas\u0131 sa\u011fl\u0131k hizmetleri ve ticari faaliyetler alan\u0131nda yetkilendirilmi\u015f kurulu\u015fu olan Uluslararas\u0131 Sa\u011fl\u0131k Hizmetleri A.\u015e. (USHA\u015e) taraf\u0131ndan y\u00fcr\u00fct\u00fclmektedir.<br \/>\n<br \/>\u00d6te yandan hastane yerle\u015fkesinde bulunan otomat makinesi alan\u0131, y\u00fcr\u00fcrl\u00fckteki mevzuat h\u00fck\u00fcmleri do\u011frultusunda 2886 say\u0131l\u0131 Devlet \u0130hale Kanunu\u2019nun 45. maddesi kapsam\u0131nda a\u00e7\u0131k ihale usul\u00fcyle kiraya verilmi\u015ftir. \u0130hale s\u00fcreci T\u00fcrkiye\u2019deki t\u00fcm isteklilerin kat\u0131l\u0131m\u0131na a\u00e7\u0131k \u015fekilde y\u00fcr\u00fct\u00fclm\u00fc\u015f olup yap\u0131lan ihaleye 11 \u015firket kat\u0131lm\u0131\u015ft\u0131r. S\u00fcre\u00e7, Ayd\u0131n \u0130l Sa\u011fl\u0131k M\u00fcd\u00fcrl\u00fc\u011f\u00fc b\u00fcnyesinde olu\u015fturulan ihale komisyonu taraf\u0131ndan mevzuata uygun ve \u015feffaf \u015fekilde ger\u00e7ekle\u015ftirilmi\u015ftir.<br \/>\n<br \/>S\u00f6z konusu ihale yaln\u0131zca otomat hizmetine ili\u015fkin olup, baz\u0131 yay\u0131nlarda yer alan iddialar\u0131n aksine farkl\u0131 bir kullan\u0131m alan\u0131n\u0131 kapsamamaktad\u0131r. Ger\u00e7e\u011fi yans\u0131tmayan s\u00f6z konusu haberlerle ilgili gerekli hukuki s\u00fcre\u00e7 ba\u015flat\u0131lacakt\u0131r&#8221; ifadelerine yer verildi.<br \/><\/p>\n","protected":false},"excerpt":{"rendered":"<p>Ayd\u0131n \u0130l Sa\u011fl\u0131k M\u00fcd\u00fcrl\u00fc\u011f\u00fc yapt\u0131\u011f\u0131 kamuoyu bilgilendirmesi ile \u015eehir Hastanesi\u2019ne konulan otomatlar\u0131n usul\u00fcne uygun ihale ile yerle\u015ftirildi\u011fini belirterek, yerel bir internet haber sitesinde otomatlar\u0131n Ak Parti Ayd\u0131n Milletvekili Mustafa Sava\u015f\u2019a se\u00e7im d\u00f6neminde ara\u00e7 deste\u011fi sa\u011flayan ki\u015fiye verildi\u011fi y\u00f6n\u00fcndeki iddialar\u0131n ger\u00e7e\u011fi yans\u0131tmad\u0131\u011f\u0131 belirtildi. Ayd\u0131n \u0130l Sa\u011fl\u0131k M\u00fcd\u00fcrl\u00fc\u011f\u00fc taraf\u0131ndan yap\u0131lan a\u00e7\u0131klamada &#8220;Baz\u0131 internet sitelerinde Ayd\u0131n \u015eehir Hastanesi&#8230;<\/p>\n","protected":false},"author":1,"featured_media":93484,"comment_status":"open","ping_status":"open","sticky":false,"template":"","format":"standard","meta":{"_crdt_document":"","footnotes":""},"categories":[127],"tags":[],"class_list":["post-93483","post","type-post","status-publish","format-standard","has-post-thumbnail","hentry","category-siyaset"],"_links":{"self":[{"href":"https:\/\/www.egemtv.com\/index.php?rest_route=\/wp\/v2\/posts\/93483","targetHints":{"allow":["GET"]}}],"collection":[{"href":"https:\/\/www.egemtv.com\/index.php?rest_route=\/wp\/v2\/posts"}],"about":[{"href":"https:\/\/www.egemtv.com\/index.php?rest_route=\/wp\/v2\/types\/post"}],"author":[{"embeddable":true,"href":"https:\/\/www.egemtv.com\/index.php?rest_route=\/wp\/v2\/users\/1"}],"replies":[{"embeddable":true,"href":"https:\/\/www.egemtv.com\/index.php?rest_route=%2Fwp%2Fv2%2Fcomments&post=93483"}],"version-history":[{"count":1,"href":"https:\/\/www.egemtv.com\/index.php?rest_route=\/wp\/v2\/posts\/93483\/revisions"}],"predecessor-version":[{"id":93485,"href":"https:\/\/www.egemtv.com\/index.php?rest_route=\/wp\/v2\/posts\/93483\/revisions\/93485"}],"wp:featuredmedia":[{"embeddable":true,"href":"https:\/\/www.egemtv.com\/index.php?rest_route=\/wp\/v2\/media\/93484"}],"wp:attachment":[{"href":"https:\/\/www.egemtv.com\/index.php?rest_route=%2Fwp%2Fv2%2Fmedia&parent=93483"}],"wp:term":[{"taxonomy":"category","embeddable":true,"href":"https:\/\/www.egemtv.com\/index.php?rest_route=%2Fwp%2Fv2%2Fcategories&post=93483"},{"taxonomy":"post_tag","embeddable":true,"href":"https:\/\/www.egemtv.com\/index.php?rest_route=%2Fwp%2Fv2%2Ftags&post=93483"}],"curies":[{"name":"wp","href":"https:\/\/api.w.org\/{rel}","templated":true}]}}