{"id":93480,"date":"2026-03-11T13:55:00","date_gmt":"2026-03-11T10:55:00","guid":{"rendered":"https:\/\/www.egemtv.com\/?p=93480"},"modified":"2026-03-11T13:55:01","modified_gmt":"2026-03-11T10:55:01","slug":"manisada-bugday-ureticilerine-septorya-uyarisi","status":"publish","type":"post","link":"https:\/\/www.egemtv.com\/?p=93480","title":{"rendered":"Manisa\u2019da bu\u011fday \u00fcreticilerine \u2018Septorya\u2019 uyar\u0131s\u0131"},"content":{"rendered":"<p>Manisa\u2019n\u0131n Salihli il\u00e7esindeki Tar\u0131m ve Orman M\u00fcd\u00fcrl\u00fc\u011f\u00fc, il\u00e7ede bu\u011fday, arpa ve yulaf \u00fcretimi yapan \u00e7ift\u00e7ilere Septorya yaprak lekesi hastal\u0131\u011f\u0131 konusunda \u00f6nemli bir uyar\u0131da bulundu.<br \/>\n<br \/>M\u00fcd\u00fcrl\u00fckten yap\u0131lan a\u00e7\u0131klamada, hastal\u0131kla m\u00fccadelede ila\u00e7lama zaman\u0131n\u0131n b\u00fcy\u00fck \u00f6nem ta\u015f\u0131d\u0131\u011f\u0131 belirtilerek, en uygun d\u00f6nemin bayrak yapra\u011f\u0131n\u0131n tamamen a\u00e7\u0131ld\u0131\u011f\u0131 k\u0131n d\u00f6neminin sonu veya ba\u015fak \u00e7\u0131k\u0131\u015f\u0131 \u00f6ncesi oldu\u011fu ifade edildi.<br \/>\n<br \/>Yetkililer, il\u00e7ede hububat \u00fcretimi yapan \u00e7ift\u00e7ilerin tarlalar\u0131n\u0131 d\u00fczenli olarak kontrol etmeleri gerekti\u011fini vurgulayarak, hastal\u0131k belirtileri g\u00f6r\u00fclmesi halinde ruhsatl\u0131 bitki koruma \u00fcr\u00fcnleri ile ila\u00e7lama yap\u0131lmas\u0131n\u0131n tavsiye edildi\u011fini bildirdi.<br \/>\n<br \/>Salihli \u0130l\u00e7e Tar\u0131m ve Orman M\u00fcd\u00fcrl\u00fc\u011f\u00fc, zaman\u0131nda yap\u0131lacak do\u011fru ila\u00e7laman\u0131n hem verim kayb\u0131n\u0131 \u00f6nleyece\u011fini hem de \u00fcr\u00fcn kalitesini koruyaca\u011f\u0131n\u0131 belirterek \u00fcreticilerin bu konuda dikkatli olmalar\u0131n\u0131 istedi.<br \/><\/p>\n","protected":false},"excerpt":{"rendered":"<p>Manisa\u2019n\u0131n Salihli il\u00e7esindeki Tar\u0131m ve Orman M\u00fcd\u00fcrl\u00fc\u011f\u00fc, il\u00e7ede bu\u011fday, arpa ve yulaf \u00fcretimi yapan \u00e7ift\u00e7ilere Septorya yaprak lekesi hastal\u0131\u011f\u0131 konusunda \u00f6nemli bir uyar\u0131da bulundu. M\u00fcd\u00fcrl\u00fckten yap\u0131lan a\u00e7\u0131klamada, hastal\u0131kla m\u00fccadelede ila\u00e7lama zaman\u0131n\u0131n b\u00fcy\u00fck \u00f6nem ta\u015f\u0131d\u0131\u011f\u0131 belirtilerek, en uygun d\u00f6nemin bayrak yapra\u011f\u0131n\u0131n tamamen a\u00e7\u0131ld\u0131\u011f\u0131 k\u0131n d\u00f6neminin sonu veya ba\u015fak \u00e7\u0131k\u0131\u015f\u0131 \u00f6ncesi oldu\u011fu ifade edildi. Yetkililer, il\u00e7ede hububat&#8230;<\/p>\n","protected":false},"author":1,"featured_media":93481,"comment_status":"open","ping_status":"open","sticky":false,"template":"","format":"standard","meta":{"_crdt_document":"","footnotes":""},"categories":[125],"tags":[],"class_list":["post-93480","post","type-post","status-publish","format-standard","has-post-thumbnail","hentry","category-ekonomi"],"_links":{"self":[{"href":"https:\/\/www.egemtv.com\/index.php?rest_route=\/wp\/v2\/posts\/93480","targetHints":{"allow":["GET"]}}],"collection":[{"href":"https:\/\/www.egemtv.com\/index.php?rest_route=\/wp\/v2\/posts"}],"about":[{"href":"https:\/\/www.egemtv.com\/index.php?rest_route=\/wp\/v2\/types\/post"}],"author":[{"embeddable":true,"href":"https:\/\/www.egemtv.com\/index.php?rest_route=\/wp\/v2\/users\/1"}],"replies":[{"embeddable":true,"href":"https:\/\/www.egemtv.com\/index.php?rest_route=%2Fwp%2Fv2%2Fcomments&post=93480"}],"version-history":[{"count":1,"href":"https:\/\/www.egemtv.com\/index.php?rest_route=\/wp\/v2\/posts\/93480\/revisions"}],"predecessor-version":[{"id":93482,"href":"https:\/\/www.egemtv.com\/index.php?rest_route=\/wp\/v2\/posts\/93480\/revisions\/93482"}],"wp:featuredmedia":[{"embeddable":true,"href":"https:\/\/www.egemtv.com\/index.php?rest_route=\/wp\/v2\/media\/93481"}],"wp:attachment":[{"href":"https:\/\/www.egemtv.com\/index.php?rest_route=%2Fwp%2Fv2%2Fmedia&parent=93480"}],"wp:term":[{"taxonomy":"category","embeddable":true,"href":"https:\/\/www.egemtv.com\/index.php?rest_route=%2Fwp%2Fv2%2Fcategories&post=93480"},{"taxonomy":"post_tag","embeddable":true,"href":"https:\/\/www.egemtv.com\/index.php?rest_route=%2Fwp%2Fv2%2Ftags&post=93480"}],"curies":[{"name":"wp","href":"https:\/\/api.w.org\/{rel}","templated":true}]}}