{"id":93477,"date":"2026-03-11T13:34:54","date_gmt":"2026-03-11T10:34:54","guid":{"rendered":"https:\/\/www.egemtv.com\/?p=93477"},"modified":"2026-03-11T13:34:55","modified_gmt":"2026-03-11T10:34:55","slug":"uzmandan-kronik-akciger-hastalarina-hareket-cagrisi","status":"publish","type":"post","link":"https:\/\/www.egemtv.com\/?p=93477","title":{"rendered":"Uzmandan kronik akci\u011fer hastalar\u0131na &#8220;hareket&#8221; \u00e7a\u011fr\u0131s\u0131"},"content":{"rendered":"<p>Uzmanlar kronik akci\u011fer hastalar\u0131na \u00f6nemli bir uyar\u0131da bulundu. Pulmoner rehabilitasyonun ila\u00e7 tedavisi kadar \u00f6nemli oldu\u011funu vurgulayan G\u00f6\u011f\u00fcs Hastal\u0131klar\u0131 Uzman\u0131 Uzm. Dr. Cem \u00dcn, egzersiz ve e\u011fitim programlar\u0131n\u0131n hastalar\u0131n ya\u015fam kalitesini belirgin \u015fekilde art\u0131rd\u0131\u011f\u0131n\u0131 s\u00f6yledi.<br \/>\n<br \/>Manisa\u2019da Merkezefendi Devlet Hastanesi G\u00f6\u011f\u00fcs Hastal\u0131klar\u0131 Uzman\u0131 Uzm. Dr. Cem \u00dcn, D\u00fcnya Pulmoner Rehabilitasyon Haftas\u0131 dolay\u0131s\u0131yla yapt\u0131\u011f\u0131 a\u00e7\u0131klamada kronik solunum yolu hastal\u0131klar\u0131nda yaln\u0131zca ila\u00e7 tedavisinin yeterli olmad\u0131\u011f\u0131n\u0131 belirterek hastalara hareket etmeleri y\u00f6n\u00fcnde \u00e7a\u011fr\u0131da bulundu. \u00dcn, &#8220;Hareket ettik\u00e7e nefesiniz a\u00e7\u0131l\u0131r, nefesiniz a\u00e7\u0131ld\u0131k\u00e7a ya\u015fam enerjiniz artar&#8221; dedi.<br \/>\n<br \/>D\u00fcnya Pulmoner Rehabilitasyon Haftas\u0131 kapsam\u0131nda akci\u011fer sa\u011fl\u0131\u011f\u0131n\u0131n b\u00fct\u00fcnc\u00fcl bir yakla\u015f\u0131mla ele al\u0131nmas\u0131 gerekti\u011fine dikkat \u00e7eken Merkezefendi Devlet Hastanesi G\u00f6\u011f\u00fcs Hastal\u0131klar\u0131 Uzman\u0131 Uzm. Dr. Cem \u00dcn, \u00f6zellikle kronik akci\u011fer hastalar\u0131n\u0131n ya\u015fad\u0131\u011f\u0131 hareket k\u0131s\u0131tl\u0131l\u0131\u011f\u0131na vurgu yapt\u0131. \u00dcn, ila\u00e7 tedavisinin pulmoner rehabilitasyon ile desteklenmesinin b\u00fcy\u00fck \u00f6nem ta\u015f\u0131d\u0131\u011f\u0131n\u0131 belirterek ama\u00e7lar\u0131n\u0131n hastalar\u0131n azalan hareket kabiliyetlerini yeniden kazand\u0131rmak oldu\u011funu ifade etti.<br \/>\n<br \/>Pulmoner rehabilitasyon programlar\u0131n\u0131n ki\u015fiye \u00f6zel planland\u0131\u011f\u0131n\u0131 belirten \u00dcn, uygulanan egzersiz ve e\u011fitim programlar\u0131n\u0131n hastalara \u00f6nemli katk\u0131lar sa\u011flad\u0131\u011f\u0131n\u0131 s\u00f6yledi. \u00dcn, &#8220;Solunum ve iskelet kaslar\u0131n\u0131n g\u00fc\u00e7lenmesi sayesinde hastalar g\u00fcnl\u00fck i\u015flerini yaparken daha az yorulur. Merdiven \u00e7\u0131kma veya y\u00fcr\u00fcy\u00fc\u015f gibi temel aktivitelerde ya\u015fanan nefes darl\u0131\u011f\u0131 k\u0131s\u0131tlamalar\u0131 azal\u0131r. Ayr\u0131ca hastal\u0131k ataklar\u0131n\u0131n s\u0131kl\u0131\u011f\u0131 d\u00fc\u015fer ve buna ba\u011fl\u0131 olarak hastaneye yat\u0131\u015f ihtiyac\u0131 da azal\u0131r&#8221; dedi.<br \/>\n<br \/>Programdan kimlerin yararlanabilece\u011fi hakk\u0131nda da bilgi veren \u00dcn, KOAH, ast\u0131m, bron\u015fektazi hastalar\u0131 ile a\u011f\u0131r ge\u00e7irilen zat\u00fcrre (pn\u00f6moni) sonras\u0131 solunum s\u0131k\u0131nt\u0131s\u0131 devam eden bireylerin pulmoner rehabilitasyondan faydalanabilece\u011fini belirtti.<br \/>\n<br \/>A\u00e7\u0131klamas\u0131n\u0131 anlaml\u0131 bir mesajla tamamlayan \u00dcn, kronik solunum s\u0131k\u0131nt\u0131s\u0131 ya\u015fayan vatanda\u015flara \u00e7a\u011fr\u0131da bulunarak, &#8220;Unutmay\u0131n; hareket ettik\u00e7e nefesiniz a\u00e7\u0131l\u0131r, nefesiniz a\u00e7\u0131ld\u0131k\u00e7a ya\u015fam enerjiniz artar. Solunum s\u0131k\u0131nt\u0131s\u0131 ya\u015fayan t\u00fcm vatanda\u015flar\u0131m\u0131z\u0131 pulmoner rehabilitasyon programlar\u0131ndan yararlanmaya davet ediyoruz&#8221; diye konu\u015ftu.<br \/><\/p>\n","protected":false},"excerpt":{"rendered":"<p>Uzmanlar kronik akci\u011fer hastalar\u0131na \u00f6nemli bir uyar\u0131da bulundu. Pulmoner rehabilitasyonun ila\u00e7 tedavisi kadar \u00f6nemli oldu\u011funu vurgulayan G\u00f6\u011f\u00fcs Hastal\u0131klar\u0131 Uzman\u0131 Uzm. Dr. Cem \u00dcn, egzersiz ve e\u011fitim programlar\u0131n\u0131n hastalar\u0131n ya\u015fam kalitesini belirgin \u015fekilde art\u0131rd\u0131\u011f\u0131n\u0131 s\u00f6yledi. Manisa\u2019da Merkezefendi Devlet Hastanesi G\u00f6\u011f\u00fcs Hastal\u0131klar\u0131 Uzman\u0131 Uzm. Dr. Cem \u00dcn, D\u00fcnya Pulmoner Rehabilitasyon Haftas\u0131 dolay\u0131s\u0131yla yapt\u0131\u011f\u0131 a\u00e7\u0131klamada kronik solunum yolu&#8230;<\/p>\n","protected":false},"author":1,"featured_media":93478,"comment_status":"open","ping_status":"open","sticky":false,"template":"","format":"standard","meta":{"_crdt_document":"","footnotes":""},"categories":[2],"tags":[],"class_list":["post-93477","post","type-post","status-publish","format-standard","has-post-thumbnail","hentry","category-saglik"],"_links":{"self":[{"href":"https:\/\/www.egemtv.com\/index.php?rest_route=\/wp\/v2\/posts\/93477","targetHints":{"allow":["GET"]}}],"collection":[{"href":"https:\/\/www.egemtv.com\/index.php?rest_route=\/wp\/v2\/posts"}],"about":[{"href":"https:\/\/www.egemtv.com\/index.php?rest_route=\/wp\/v2\/types\/post"}],"author":[{"embeddable":true,"href":"https:\/\/www.egemtv.com\/index.php?rest_route=\/wp\/v2\/users\/1"}],"replies":[{"embeddable":true,"href":"https:\/\/www.egemtv.com\/index.php?rest_route=%2Fwp%2Fv2%2Fcomments&post=93477"}],"version-history":[{"count":1,"href":"https:\/\/www.egemtv.com\/index.php?rest_route=\/wp\/v2\/posts\/93477\/revisions"}],"predecessor-version":[{"id":93479,"href":"https:\/\/www.egemtv.com\/index.php?rest_route=\/wp\/v2\/posts\/93477\/revisions\/93479"}],"wp:featuredmedia":[{"embeddable":true,"href":"https:\/\/www.egemtv.com\/index.php?rest_route=\/wp\/v2\/media\/93478"}],"wp:attachment":[{"href":"https:\/\/www.egemtv.com\/index.php?rest_route=%2Fwp%2Fv2%2Fmedia&parent=93477"}],"wp:term":[{"taxonomy":"category","embeddable":true,"href":"https:\/\/www.egemtv.com\/index.php?rest_route=%2Fwp%2Fv2%2Fcategories&post=93477"},{"taxonomy":"post_tag","embeddable":true,"href":"https:\/\/www.egemtv.com\/index.php?rest_route=%2Fwp%2Fv2%2Ftags&post=93477"}],"curies":[{"name":"wp","href":"https:\/\/api.w.org\/{rel}","templated":true}]}}