{"id":93474,"date":"2026-03-11T13:34:53","date_gmt":"2026-03-11T10:34:53","guid":{"rendered":"https:\/\/www.egemtv.com\/?p=93474"},"modified":"2026-03-11T13:34:54","modified_gmt":"2026-03-11T10:34:54","slug":"marmaris-turgut-mahallesinde-futbol-sahasi-yenilendi","status":"publish","type":"post","link":"https:\/\/www.egemtv.com\/?p=93474","title":{"rendered":"Marmaris Turgut Mahallesi\u2019nde futbol sahas\u0131 yenilendi"},"content":{"rendered":"<p>Marmaris Ticaret Odas\u0131 (MTO) taraf\u0131ndan Turgut Mahallesi\u2019nde bulunan hal\u0131 sahan\u0131n zemini yenileniyor. Mahalle Muhtarl\u0131\u011f\u0131\u2019n\u0131n talebi do\u011frultusunda \u00f6zellikle gen\u00e7lerin ve sporsever vatanda\u015flar\u0131n daha sa\u011fl\u0131kl\u0131 \u015fartlarda spor yapabilmesi amac\u0131yla bozuk olan saha zemini d\u00fczeltilerek yeniden kullan\u0131ma a\u00e7\u0131ld\u0131.<\/p>\n<p>MTO Y\u00f6netim Kurulu, y\u00fcr\u00fct\u00fclen \u00e7al\u0131\u015fmalar\u0131 yerinde incelemek \u00fczere Turgut Mahallesi\u2019ni ziyaret etti. Y\u00f6netim Kurulu Ba\u015fkan\u0131 S. Mutlu Ayhan, Ba\u015fkan Yard\u0131mc\u0131lar\u0131 \u00d6zg\u00fcr Dervi\u015f ve G\u00f6rkem \u0130nal ile Y\u00f6netim Kurulu \u00dcyeleri G\u00fclce Civelek ve Zafer \u00d6znur Turgut Mahallesi Muhtar\u0131 \u00dcmit Kaya ile bir araya gelerek b\u00fct\u00e7esi MTO taraf\u0131ndan kar\u015f\u0131lanan yenileme \u00e7al\u0131\u015fmalar\u0131n\u0131 yerinde inceledi.<\/p>\n<p>Ayhan, yap\u0131lan \u00e7al\u0131\u015fma ile ilgili de\u011ferlendirmesinde mahallelerde sosyal ya\u015fam\u0131 destekleyen projelere katk\u0131 sunmay\u0131 \u00f6nemsediklerini belirterek, gen\u00e7lerin spor yapabilece\u011fi alanlar\u0131n iyile\u015ftirilmesinin \u00f6nemli oldu\u011funu ifade etti. Ayhan, Turgut Mahallesi\u2019nde ger\u00e7ekle\u015ftirilen saha yenileme \u00e7al\u0131\u015fmas\u0131n\u0131n mahalle halk\u0131 ve \u00f6zellikle gen\u00e7ler i\u00e7in faydal\u0131 olmas\u0131n\u0131 temenni etti.<\/p>\n<p>Turgut Mahallesi Muhtar\u0131 \u00dcmit Kaya ise mahallede bulunan futbol sahas\u0131n\u0131n yenilenmesinden duyduklar\u0131 memnuniyeti dile getirerek, gen\u00e7lerin ve mahalle sakinlerinin daha iyi \u015fartlarda spor yapabilmesine katk\u0131 sa\u011flayan \u00e7al\u0131\u015fma dolay\u0131s\u0131yla Ba\u015fkan S. Mutlu Ayhan ve Marmaris Ticaret Odas\u0131\u2019na te\u015fekk\u00fcr etti.<\/p>\n<p>MTO Y\u00f6netim Kurulu ziyaret kapsam\u0131nda ayr\u0131ca Turgut Mahallesi\u2019nde bulunan ve ge\u00e7 Osmanl\u0131 d\u00f6neminde yap\u0131ld\u0131\u011f\u0131 d\u00fc\u015f\u00fcn\u00fclen tarihi \u00e7e\u015fmeyi de yerinde inceledi. \u0130ncelemeye Mu\u011fla S\u0131tk\u0131 Ko\u00e7man \u00dcniversitesi Arkeoloji B\u00f6l\u00fcm\u00fc \u00d6\u011fretim \u00dcyesi Do\u00e7. Dr. Mehmet G\u00fcrb\u00fczer ile Uzman Arkeolog Emre Mandac\u0131 da kat\u0131ld\u0131. G\u00fcn\u00fcm\u00fczde halen kullan\u0131lmakta olan tarihi \u00e7e\u015fme ve \u00e7evresinde ger\u00e7ekle\u015ftirilebilecek temizlik, bak\u0131m ve koruma \u00e7al\u0131\u015fmalar\u0131 hakk\u0131nda de\u011ferlendirmelerde bulunuldu.<br \/><\/p>\n","protected":false},"excerpt":{"rendered":"<p>Marmaris Ticaret Odas\u0131 (MTO) taraf\u0131ndan Turgut Mahallesi\u2019nde bulunan hal\u0131 sahan\u0131n zemini yenileniyor. Mahalle Muhtarl\u0131\u011f\u0131\u2019n\u0131n talebi do\u011frultusunda \u00f6zellikle gen\u00e7lerin ve sporsever vatanda\u015flar\u0131n daha sa\u011fl\u0131kl\u0131 \u015fartlarda spor yapabilmesi amac\u0131yla bozuk olan saha zemini d\u00fczeltilerek yeniden kullan\u0131ma a\u00e7\u0131ld\u0131. MTO Y\u00f6netim Kurulu, y\u00fcr\u00fct\u00fclen \u00e7al\u0131\u015fmalar\u0131 yerinde incelemek \u00fczere Turgut Mahallesi\u2019ni ziyaret etti. Y\u00f6netim Kurulu Ba\u015fkan\u0131 S. Mutlu Ayhan, Ba\u015fkan Yard\u0131mc\u0131lar\u0131&#8230;<\/p>\n","protected":false},"author":1,"featured_media":93475,"comment_status":"open","ping_status":"open","sticky":false,"template":"","format":"standard","meta":{"_crdt_document":"","footnotes":""},"categories":[1],"tags":[],"class_list":["post-93474","post","type-post","status-publish","format-standard","has-post-thumbnail","hentry","category-guncel"],"_links":{"self":[{"href":"https:\/\/www.egemtv.com\/index.php?rest_route=\/wp\/v2\/posts\/93474","targetHints":{"allow":["GET"]}}],"collection":[{"href":"https:\/\/www.egemtv.com\/index.php?rest_route=\/wp\/v2\/posts"}],"about":[{"href":"https:\/\/www.egemtv.com\/index.php?rest_route=\/wp\/v2\/types\/post"}],"author":[{"embeddable":true,"href":"https:\/\/www.egemtv.com\/index.php?rest_route=\/wp\/v2\/users\/1"}],"replies":[{"embeddable":true,"href":"https:\/\/www.egemtv.com\/index.php?rest_route=%2Fwp%2Fv2%2Fcomments&post=93474"}],"version-history":[{"count":1,"href":"https:\/\/www.egemtv.com\/index.php?rest_route=\/wp\/v2\/posts\/93474\/revisions"}],"predecessor-version":[{"id":93476,"href":"https:\/\/www.egemtv.com\/index.php?rest_route=\/wp\/v2\/posts\/93474\/revisions\/93476"}],"wp:featuredmedia":[{"embeddable":true,"href":"https:\/\/www.egemtv.com\/index.php?rest_route=\/wp\/v2\/media\/93475"}],"wp:attachment":[{"href":"https:\/\/www.egemtv.com\/index.php?rest_route=%2Fwp%2Fv2%2Fmedia&parent=93474"}],"wp:term":[{"taxonomy":"category","embeddable":true,"href":"https:\/\/www.egemtv.com\/index.php?rest_route=%2Fwp%2Fv2%2Fcategories&post=93474"},{"taxonomy":"post_tag","embeddable":true,"href":"https:\/\/www.egemtv.com\/index.php?rest_route=%2Fwp%2Fv2%2Ftags&post=93474"}],"curies":[{"name":"wp","href":"https:\/\/api.w.org\/{rel}","templated":true}]}}