{"id":93471,"date":"2026-03-11T13:34:52","date_gmt":"2026-03-11T10:34:52","guid":{"rendered":"https:\/\/www.egemtv.com\/?p=93471"},"modified":"2026-03-11T13:34:52","modified_gmt":"2026-03-11T10:34:52","slug":"burdurda-yilin-ilk-2-ayinda-bin-436-asayis-olayi-meydana-geldi","status":"publish","type":"post","link":"https:\/\/www.egemtv.com\/?p=93471","title":{"rendered":"Burdur\u2019da y\u0131l\u0131n ilk 2 ay\u0131nda bin 436 asayi\u015f olay\u0131 meydana geldi"},"content":{"rendered":"<p>Burdur genelinde 2 ayda toplam bin 436 asayi\u015f olay\u0131 meydana gelirken, su\u00e7 oranlar\u0131 ge\u00e7en y\u0131l\u0131n ayn\u0131 ay\u0131na g\u00f6re y\u00fczde 10 azald\u0131.<br \/>\n<br \/>\u015eubat ay\u0131 genel g\u00fcvenlik toplant\u0131s\u0131 Vali T\u00fclay Baydar Bilgihan ba\u015fkanl\u0131\u011f\u0131nda ger\u00e7ekle\u015ftirildi. \u0130l Jandarma Komutan\u0131 Albay Mehmet Balc\u0131 ve \u0130l Emniyet M\u00fcd\u00fcr\u00fc Ahmet Kurt\u2019un e\u015flik etti\u011fi toplant\u0131da 2026 y\u0131l\u0131 i\u00e7erisindeki veriler payla\u015f\u0131ld\u0131. Buna g\u00f6re ki\u015filere kar\u015f\u0131 561, mal varl\u0131\u011f\u0131na kar\u015f\u0131 159, millete ve devlete kar\u015f\u0131 18, topluma kar\u015f\u0131 142 ve takibi gerektiren 556 olmak \u00fczere toplam bin 436 olay meydana gelirken t\u00fcm su\u00e7larda al\u0131nan tedbir ve \u00f6nleyici \u00e7al\u0131\u015fmalar neticesinde ge\u00e7en y\u0131l\u0131n ayn\u0131 d\u00f6nemine oranla y\u00fczde 10 azal\u0131\u015f sa\u011fland\u0131.<br \/>\n<br \/>Ki\u015filere kar\u015f\u0131 su\u00e7lar kapsam\u0131nda 282 olay meydana gelirken, al\u0131nan tedbirler ve art\u0131r\u0131lan devriye faaliyetleri sayesinde ge\u00e7en y\u0131l\u0131n ayn\u0131 d\u00f6nemine g\u00f6re &#8220;ki\u015fiyi h\u00fcrriyetinden yoksun k\u0131lma&#8221; su\u00e7unda y\u00fczde 100, &#8220;kasten yaralama&#8221; su\u00e7unda ise y\u00fczde 48 azalma sa\u011fland\u0131. T\u00fcm su\u00e7larda ise y\u00fczde 2 oran\u0131nda d\u00fc\u015f\u00fc\u015f ya\u015fan\u0131rken, olaylar\u0131n y\u00fczde 98\u2019i ayd\u0131nlat\u0131ld\u0131. Mal varl\u0131\u011f\u0131na kar\u015f\u0131 su\u00e7lar kapsam\u0131nda ise 66 olay meydana geldi. Yap\u0131lan \u00e7al\u0131\u015fmalar sonucunda oto h\u0131rs\u0131zl\u0131\u011f\u0131 ve otodan h\u0131rs\u0131zl\u0131k su\u00e7lar\u0131nda y\u00fczde 100, doland\u0131r\u0131c\u0131l\u0131k su\u00e7lar\u0131nda y\u00fczde 47, evden h\u0131rs\u0131zl\u0131k su\u00e7lar\u0131nda y\u00fczde 25 azalma sa\u011flan\u0131rken, t\u00fcm su\u00e7larda y\u00fczde 35 oran\u0131nda d\u00fc\u015f\u00fc\u015f kaydedildi. Bu olaylar\u0131n y\u00fczde 79\u2019u ayd\u0131nlat\u0131ld\u0131. 2026 y\u0131l\u0131 i\u00e7erisinde haklar\u0131nda yakalama karar\u0131 bulunan 329 firari \u015fah\u0131s yakalanarak adli makamlara sevk edildi. \u015eubat ay\u0131nda ise 173 firari yakaland\u0131. Ruhsats\u0131z silah ve silah ka\u00e7ak\u00e7\u0131l\u0131\u011f\u0131na y\u00f6nelik operasyonlarda y\u0131l i\u00e7erisinde 62 ruhsats\u0131z silah ele ge\u00e7irilirken 50 ki\u015fi hakk\u0131nda i\u015flem yap\u0131ld\u0131. \u015eubat ay\u0131nda ise 28 ruhsats\u0131z silah ele ge\u00e7irilerek 25 ki\u015fi hakk\u0131nda i\u015flem ger\u00e7ekle\u015ftirildi.<\/p>\n<p>Uyu\u015fturucu ve ka\u00e7ak\u00e7\u0131l\u0131kla m\u00fccadele s\u00fcr\u00fcyor<br \/>\n<br \/>Narkotik su\u00e7larla m\u00fccadelede uyu\u015fturucu ticareti su\u00e7undan 17, kullanmak ve di\u011fer su\u00e7lardan 69 olmak \u00fczere toplam 86 olay meydana geldi. Operasyonlarda 16 \u015f\u00fcpheli tutukland\u0131. Operasyonlarda 3 kilo 365 gram esrar, 423 gram bonzai, 108 gram metamfetamin, 67 gram skunk, 15 gram eroin, 3 gram kokain ile \u00e7e\u015fitli miktarda sentetik ecza ve ecstasy ele ge\u00e7irildi. \u015eubat ay\u0131nda ise 41 olayda 9 \u015f\u00fcpheli tutukland\u0131. Ka\u00e7ak\u00e7\u0131l\u0131kla m\u00fccadele kapsam\u0131nda 63 operasyonda 135 \u015f\u00fcpheli hakk\u0131nda i\u015flem yap\u0131ld\u0131. Operasyonlarda ka\u00e7ak sigara, makaron, k\u0131y\u0131lm\u0131\u015f t\u00fct\u00fcn, elektronik sigara, etil alkol, tarihi eser niteli\u011finde sikke ve objeler ile \u00e7e\u015fitli ka\u00e7ak \u00fcr\u00fcnler ele ge\u00e7irildi.<\/p>\n<p>Ter\u00f6r ve g\u00f6\u00e7men ka\u00e7ak\u00e7\u0131l\u0131\u011f\u0131 \u00e7al\u0131\u015fmalar\u0131<br \/>\n<br \/>Ter\u00f6rle m\u00fccadele kapsam\u0131nda ise FET\u00d6 ve DEA\u015e ter\u00f6r \u00f6rg\u00fctlerine y\u00f6nelik toplam 4 operasyon ger\u00e7ekle\u015ftirildi, 31 \u015f\u00fcpheli hakk\u0131nda i\u015flem yap\u0131ld\u0131. G\u00f6\u00e7men ka\u00e7ak\u00e7\u0131l\u0131\u011f\u0131 ve insan ticareti ile m\u00fccadele kapsam\u0131nda bir operasyon d\u00fczenlenirken 4 organizat\u00f6r hakk\u0131nda i\u015flem yap\u0131ld\u0131. Ayr\u0131ca bin 628 yabanc\u0131 kontrol edilirken 72 d\u00fczensiz g\u00f6\u00e7men tespit edildi ve 44\u2019\u00fc geri g\u00f6nderme merkezlerine sevk edildi. Siber su\u00e7larla m\u00fccadele kapsam\u0131nda y\u00fcr\u00fct\u00fclen \u00e7al\u0131\u015fmalarda su\u00e7 unsuru ta\u015f\u0131yan 44 hesap veya \u015fah\u0131s tespit edilirken 39 ki\u015fi hakk\u0131nda i\u015flem yap\u0131ld\u0131.<\/p>\n<p>Trafik denetimleri<br \/>\n<br \/>Trafik denetimlerinde ise y\u0131l i\u00e7erisinde 167 bin 179 ara\u00e7 ve s\u00fcr\u00fcc\u00fcs\u00fc sorguland\u0131. Kusurlu bulunan 19 bin 435 ara\u00e7 ve s\u00fcr\u00fcc\u00fcs\u00fcne idari para cezas\u0131 uyguland\u0131. \u015eubat ay\u0131nda 92 bin 212 ara\u00e7 denetlenirken 9 bin 911 araca i\u015flem yap\u0131ld\u0131. \u00c7evreye rahats\u0131zl\u0131k veren ara\u00e7lara y\u00f6nelik yap\u0131lan denetimlerde ise drift atan 6 araca toplam 349 bin 302 TL ceza uygulan\u0131rken ara\u00e7lar trafikten men edildi ve s\u00fcr\u00fcc\u00fc belgelerine 60 g\u00fcn s\u00fcreyle el konuldu. Ayr\u0131ca y\u00fcksek ses, abart\u0131 egzoz ve kamu d\u00fczenini bozma gibi ihlallerden 122 ara\u00e7 ve s\u00fcr\u00fcc\u00fcs\u00fcne toplam 902 bin 283 TL cezai i\u015flem uyguland\u0131.<br \/><\/p>\n","protected":false},"excerpt":{"rendered":"<p>Burdur genelinde 2 ayda toplam bin 436 asayi\u015f olay\u0131 meydana gelirken, su\u00e7 oranlar\u0131 ge\u00e7en y\u0131l\u0131n ayn\u0131 ay\u0131na g\u00f6re y\u00fczde 10 azald\u0131. \u015eubat ay\u0131 genel g\u00fcvenlik toplant\u0131s\u0131 Vali T\u00fclay Baydar Bilgihan ba\u015fkanl\u0131\u011f\u0131nda ger\u00e7ekle\u015ftirildi. \u0130l Jandarma Komutan\u0131 Albay Mehmet Balc\u0131 ve \u0130l Emniyet M\u00fcd\u00fcr\u00fc Ahmet Kurt\u2019un e\u015flik etti\u011fi toplant\u0131da 2026 y\u0131l\u0131 i\u00e7erisindeki veriler payla\u015f\u0131ld\u0131. Buna g\u00f6re ki\u015filere&#8230;<\/p>\n","protected":false},"author":1,"featured_media":93472,"comment_status":"open","ping_status":"open","sticky":false,"template":"","format":"standard","meta":{"_crdt_document":"","footnotes":""},"categories":[5],"tags":[],"class_list":["post-93471","post","type-post","status-publish","format-standard","has-post-thumbnail","hentry","category-asayis"],"_links":{"self":[{"href":"https:\/\/www.egemtv.com\/index.php?rest_route=\/wp\/v2\/posts\/93471","targetHints":{"allow":["GET"]}}],"collection":[{"href":"https:\/\/www.egemtv.com\/index.php?rest_route=\/wp\/v2\/posts"}],"about":[{"href":"https:\/\/www.egemtv.com\/index.php?rest_route=\/wp\/v2\/types\/post"}],"author":[{"embeddable":true,"href":"https:\/\/www.egemtv.com\/index.php?rest_route=\/wp\/v2\/users\/1"}],"replies":[{"embeddable":true,"href":"https:\/\/www.egemtv.com\/index.php?rest_route=%2Fwp%2Fv2%2Fcomments&post=93471"}],"version-history":[{"count":1,"href":"https:\/\/www.egemtv.com\/index.php?rest_route=\/wp\/v2\/posts\/93471\/revisions"}],"predecessor-version":[{"id":93473,"href":"https:\/\/www.egemtv.com\/index.php?rest_route=\/wp\/v2\/posts\/93471\/revisions\/93473"}],"wp:featuredmedia":[{"embeddable":true,"href":"https:\/\/www.egemtv.com\/index.php?rest_route=\/wp\/v2\/media\/93472"}],"wp:attachment":[{"href":"https:\/\/www.egemtv.com\/index.php?rest_route=%2Fwp%2Fv2%2Fmedia&parent=93471"}],"wp:term":[{"taxonomy":"category","embeddable":true,"href":"https:\/\/www.egemtv.com\/index.php?rest_route=%2Fwp%2Fv2%2Fcategories&post=93471"},{"taxonomy":"post_tag","embeddable":true,"href":"https:\/\/www.egemtv.com\/index.php?rest_route=%2Fwp%2Fv2%2Ftags&post=93471"}],"curies":[{"name":"wp","href":"https:\/\/api.w.org\/{rel}","templated":true}]}}