{"id":93468,"date":"2026-03-11T13:34:51","date_gmt":"2026-03-11T10:34:51","guid":{"rendered":"https:\/\/www.egemtv.com\/?p=93468"},"modified":"2026-03-11T13:34:51","modified_gmt":"2026-03-11T10:34:51","slug":"denizli-osb-yonetim-kurulu-baskani-baltali-ve-is-insanlari-iftarda-ogrencilerle-bulustu","status":"publish","type":"post","link":"https:\/\/www.egemtv.com\/?p=93468","title":{"rendered":"Denizli OSB Y\u00f6netim Kurulu Ba\u015fkan\u0131 Baltal\u0131 ve i\u015f insanlar\u0131 iftarda \u00f6\u011frencilerle bulu\u015ftu"},"content":{"rendered":"<p>Denizli Organize Sanayi B\u00f6lgesi\u2019nin (OSB) Ramazan ay\u0131 boyunca d\u00fczenledi\u011fi geleneksel iftar program\u0131, her g\u00fcn yakla\u015f\u0131k 3 bin ki\u015fiyi ayn\u0131 sofrada bulu\u015ftururken toplamda 100 bin ki\u015fiye ula\u015fmay\u0131 hedefliyor. Ramazan ay\u0131n\u0131n payla\u015f\u0131m ay\u0131 oldu\u011funu ifade eden Denizli OSB Y\u00f6netim Kurulu Ba\u015fkan\u0131 ve Baltal\u0131 Grup Y\u00f6netim Kurulu Ba\u015fkan\u0131 Derya Baltal\u0131, &#8220;\u00d6\u011frenciler ve vatanda\u015flar\u0131m\u0131zla orucumuzu burada a\u00e7mak bizleri mutlu ediyor&#8221; dedi.<\/p>\n<p>Denizli Organize Sanayi B\u00f6lgesi M\u00fcd\u00fcrl\u00fc\u011f\u00fc\u2019n\u00fcn organizasyonunda B\u00f6lge firmalar\u0131n\u0131n destekleriyle geleneksel olarak d\u00fczenlenen iftar program\u0131 her g\u00fcn 3 bin ki\u015fiyi ayn\u0131 sofrada bulu\u015ftururken, Ramazan Ay\u0131 boyunca toplam 100 bin ki\u015fiye ula\u015f\u0131lmas\u0131 hedefleniyor. M\u00fcft\u00fc Ahmet Hulusi Efendi Cami ve K\u00fclliyesi\u2019nde ger\u00e7ekle\u015ftirilen iftar program\u0131na; Denizli OSB Y\u00f6netim Kurulu Ba\u015fkan\u0131m\u0131z Derya Baltal\u0131, Pamukkale \u00dcniversitesi Rekt\u00f6r\u00fc Prof. Dr. Mahmud G\u00fcng\u00f6r, i\u015f insanlar\u0131, Pamukkale \u00dcniversitesi \u00f6\u011frencileri ve vatanda\u015flar kat\u0131ld\u0131.<\/p>\n<p>&#8220;Bu \u00f6zel g\u00fcnlerde, \u00f6\u011frenciler ve vatanda\u015flar\u0131m\u0131zla orucumuzu burada a\u00e7mak bizleri mutlu ediyor&#8221;<br \/>\n<br \/>Bu sene 100 bin ki\u015fiye ula\u015f\u0131lmas\u0131 hedeflendi\u011fini ifade eden Denizli OSB Y\u00f6netim Kurulu Ba\u015fkan\u0131 ve Baltal\u0131 Grup Y\u00f6netim Kurulu Ba\u015fkan\u0131 Derya Baltal\u0131, &#8220;Ramazan ay\u0131 boyunca Denizli Organize Sanayi B\u00f6lgesi, her g\u00fcn bir sanayici taraf\u0131ndan 100 bin ki\u015fiye iftar d\u00fczenliyoruz. Organize Sanayi B\u00f6lgesi kendi elemanlar\u0131n\u0131n imkanlar\u0131yla her y\u0131l burada yemek veriyor. Ramazan ay\u0131; sab\u0131r, payla\u015f\u0131m ve sevgi ay\u0131d\u0131r. Bu \u00f6zel g\u00fcnlerde, \u00f6\u011frenciler ve vatanda\u015flar\u0131m\u0131zla orucumuzu burada a\u00e7mak bizleri mutlu ediyor&#8221; dedi.<br \/><\/p>\n","protected":false},"excerpt":{"rendered":"<p>Denizli Organize Sanayi B\u00f6lgesi\u2019nin (OSB) Ramazan ay\u0131 boyunca d\u00fczenledi\u011fi geleneksel iftar program\u0131, her g\u00fcn yakla\u015f\u0131k 3 bin ki\u015fiyi ayn\u0131 sofrada bulu\u015ftururken toplamda 100 bin ki\u015fiye ula\u015fmay\u0131 hedefliyor. Ramazan ay\u0131n\u0131n payla\u015f\u0131m ay\u0131 oldu\u011funu ifade eden Denizli OSB Y\u00f6netim Kurulu Ba\u015fkan\u0131 ve Baltal\u0131 Grup Y\u00f6netim Kurulu Ba\u015fkan\u0131 Derya Baltal\u0131, &#8220;\u00d6\u011frenciler ve vatanda\u015flar\u0131m\u0131zla orucumuzu burada a\u00e7mak bizleri mutlu&#8230;<\/p>\n","protected":false},"author":1,"featured_media":93469,"comment_status":"open","ping_status":"open","sticky":false,"template":"","format":"standard","meta":{"_crdt_document":"","footnotes":""},"categories":[123],"tags":[],"class_list":["post-93468","post","type-post","status-publish","format-standard","has-post-thumbnail","hentry","category-gundem"],"_links":{"self":[{"href":"https:\/\/www.egemtv.com\/index.php?rest_route=\/wp\/v2\/posts\/93468","targetHints":{"allow":["GET"]}}],"collection":[{"href":"https:\/\/www.egemtv.com\/index.php?rest_route=\/wp\/v2\/posts"}],"about":[{"href":"https:\/\/www.egemtv.com\/index.php?rest_route=\/wp\/v2\/types\/post"}],"author":[{"embeddable":true,"href":"https:\/\/www.egemtv.com\/index.php?rest_route=\/wp\/v2\/users\/1"}],"replies":[{"embeddable":true,"href":"https:\/\/www.egemtv.com\/index.php?rest_route=%2Fwp%2Fv2%2Fcomments&post=93468"}],"version-history":[{"count":1,"href":"https:\/\/www.egemtv.com\/index.php?rest_route=\/wp\/v2\/posts\/93468\/revisions"}],"predecessor-version":[{"id":93470,"href":"https:\/\/www.egemtv.com\/index.php?rest_route=\/wp\/v2\/posts\/93468\/revisions\/93470"}],"wp:featuredmedia":[{"embeddable":true,"href":"https:\/\/www.egemtv.com\/index.php?rest_route=\/wp\/v2\/media\/93469"}],"wp:attachment":[{"href":"https:\/\/www.egemtv.com\/index.php?rest_route=%2Fwp%2Fv2%2Fmedia&parent=93468"}],"wp:term":[{"taxonomy":"category","embeddable":true,"href":"https:\/\/www.egemtv.com\/index.php?rest_route=%2Fwp%2Fv2%2Fcategories&post=93468"},{"taxonomy":"post_tag","embeddable":true,"href":"https:\/\/www.egemtv.com\/index.php?rest_route=%2Fwp%2Fv2%2Ftags&post=93468"}],"curies":[{"name":"wp","href":"https:\/\/api.w.org\/{rel}","templated":true}]}}