{"id":93465,"date":"2026-03-11T13:34:49","date_gmt":"2026-03-11T10:34:49","guid":{"rendered":"https:\/\/www.egemtv.com\/?p=93465"},"modified":"2026-03-11T13:34:50","modified_gmt":"2026-03-11T10:34:50","slug":"manisanin-afis-temsilcisi-belli-oldu","status":"publish","type":"post","link":"https:\/\/www.egemtv.com\/?p=93465","title":{"rendered":"Manisa\u2019n\u0131n afi\u015f temsilcisi belli oldu"},"content":{"rendered":"<p>&#8220;Korkma! Gen\u00e7li\u011fin ruhu burada&#8221; temal\u0131 T\u00fcrkiye geneli afi\u015f yar\u0131\u015fmas\u0131nda Manisa birincisi olan \u0130smet \u0130n\u00f6n\u00fc K\u0131z Mesleki ve Teknik Anadolu Lisesi \u00f6\u011frencisi G\u00fcl\u015fen Ece Say\u0131l\u0131r, haz\u0131rlad\u0131\u011f\u0131 tasar\u0131mla Konya\u2019da yap\u0131lacak ulusal finalde Manisa\u2019y\u0131 temsil edecek.<br \/>\n<br \/>Konya \u0130l Milli E\u011fitim M\u00fcd\u00fcrl\u00fc\u011f\u00fc taraf\u0131ndan T\u00fcrkiye genelindeki Mesleki ve Teknik E\u011fitim Genel M\u00fcd\u00fcrl\u00fc\u011f\u00fcne ba\u011fl\u0131 okullar aras\u0131nda d\u00fczenlenen &#8220;Korkma! Gen\u00e7li\u011fin ruhu burada&#8221; temal\u0131 afi\u015f tasar\u0131m yar\u0131\u015fmas\u0131nda Manisa\u2019y\u0131 \u0130smet \u0130n\u00f6n\u00fc K\u0131z Mesleki ve Teknik Anadolu Lisesi temsil edecek.<br \/>\n<br \/>Milli \u015fair Mehmet Akif Ersoy\u2019un ve \u0130stiklal Mar\u015f\u0131\u2019n\u0131n ruhunu gen\u00e7 nesillere aktarmay\u0131 ama\u00e7layan yar\u0131\u015fmada Manisa genelinde yap\u0131lan de\u011ferlendirmeler sonucunda birincilik, \u0130smet \u0130n\u00f6n\u00fc K\u0131z Mesleki ve Teknik Anadolu Lisesi\u2019nin oldu. Okulun 11-G s\u0131n\u0131f\u0131 \u00f6\u011frencilerinden G\u00fcl\u015fen Ece Say\u0131l\u0131r, haz\u0131rlad\u0131\u011f\u0131 \u00f6zg\u00fcn afi\u015f tasar\u0131m\u0131yla se\u00e7ici kuruldan tam not alarak Manisa birincisi se\u00e7ildi.<br \/>\n<br \/>81 ilden tek eser yar\u0131\u015facak<br \/>\n<br \/>T\u00fcrkiye\u2019nin 81 ilinden yaln\u0131zca birer eserin kat\u0131laca\u011f\u0131 yar\u0131\u015fmada G\u00fcl\u015fen Ece Say\u0131l\u0131r\u2019\u0131n tasar\u0131m\u0131, Konya\u2019da d\u00fczenlenecek ulusal finalde Manisa ad\u0131na yar\u0131\u015facak. Mesleki e\u011fitimin sanat ve tasar\u0131mla bulu\u015ftu\u011fu yar\u0131\u015fmada gen\u00e7 \u00f6\u011frencinin haz\u0131rlad\u0131\u011f\u0131 afi\u015f, hem g\u00f6rsel esteti\u011fi hem de temaya olan g\u00fc\u00e7l\u00fc uyumuyla dikkat \u00e7ekti.<br \/>\n<br \/>Yar\u0131\u015fmada Manisa\u2019y\u0131 temsil edecek olan \u00f6\u011frencinin ba\u015far\u0131s\u0131 okul y\u00f6netimi ve \u00f6\u011fretmenleri taraf\u0131ndan da b\u00fcy\u00fck gururla kar\u015f\u0131land\u0131. Ulusal finalde derece elde edilmesi halinde Manisa\u2019n\u0131n \u00f6nemli bir ba\u015far\u0131ya daha imza atmas\u0131 bekleniyor.<br \/><\/p>\n","protected":false},"excerpt":{"rendered":"<p>&#8220;Korkma! Gen\u00e7li\u011fin ruhu burada&#8221; temal\u0131 T\u00fcrkiye geneli afi\u015f yar\u0131\u015fmas\u0131nda Manisa birincisi olan \u0130smet \u0130n\u00f6n\u00fc K\u0131z Mesleki ve Teknik Anadolu Lisesi \u00f6\u011frencisi G\u00fcl\u015fen Ece Say\u0131l\u0131r, haz\u0131rlad\u0131\u011f\u0131 tasar\u0131mla Konya\u2019da yap\u0131lacak ulusal finalde Manisa\u2019y\u0131 temsil edecek. Konya \u0130l Milli E\u011fitim M\u00fcd\u00fcrl\u00fc\u011f\u00fc taraf\u0131ndan T\u00fcrkiye genelindeki Mesleki ve Teknik E\u011fitim Genel M\u00fcd\u00fcrl\u00fc\u011f\u00fcne ba\u011fl\u0131 okullar aras\u0131nda d\u00fczenlenen &#8220;Korkma! Gen\u00e7li\u011fin ruhu burada&#8221;&#8230;<\/p>\n","protected":false},"author":1,"featured_media":93466,"comment_status":"open","ping_status":"open","sticky":false,"template":"","format":"standard","meta":{"_crdt_document":"","footnotes":""},"categories":[1],"tags":[],"class_list":["post-93465","post","type-post","status-publish","format-standard","has-post-thumbnail","hentry","category-guncel"],"_links":{"self":[{"href":"https:\/\/www.egemtv.com\/index.php?rest_route=\/wp\/v2\/posts\/93465","targetHints":{"allow":["GET"]}}],"collection":[{"href":"https:\/\/www.egemtv.com\/index.php?rest_route=\/wp\/v2\/posts"}],"about":[{"href":"https:\/\/www.egemtv.com\/index.php?rest_route=\/wp\/v2\/types\/post"}],"author":[{"embeddable":true,"href":"https:\/\/www.egemtv.com\/index.php?rest_route=\/wp\/v2\/users\/1"}],"replies":[{"embeddable":true,"href":"https:\/\/www.egemtv.com\/index.php?rest_route=%2Fwp%2Fv2%2Fcomments&post=93465"}],"version-history":[{"count":1,"href":"https:\/\/www.egemtv.com\/index.php?rest_route=\/wp\/v2\/posts\/93465\/revisions"}],"predecessor-version":[{"id":93467,"href":"https:\/\/www.egemtv.com\/index.php?rest_route=\/wp\/v2\/posts\/93465\/revisions\/93467"}],"wp:featuredmedia":[{"embeddable":true,"href":"https:\/\/www.egemtv.com\/index.php?rest_route=\/wp\/v2\/media\/93466"}],"wp:attachment":[{"href":"https:\/\/www.egemtv.com\/index.php?rest_route=%2Fwp%2Fv2%2Fmedia&parent=93465"}],"wp:term":[{"taxonomy":"category","embeddable":true,"href":"https:\/\/www.egemtv.com\/index.php?rest_route=%2Fwp%2Fv2%2Fcategories&post=93465"},{"taxonomy":"post_tag","embeddable":true,"href":"https:\/\/www.egemtv.com\/index.php?rest_route=%2Fwp%2Fv2%2Ftags&post=93465"}],"curies":[{"name":"wp","href":"https:\/\/api.w.org\/{rel}","templated":true}]}}