{"id":93462,"date":"2026-03-11T13:34:48","date_gmt":"2026-03-11T10:34:48","guid":{"rendered":"https:\/\/www.egemtv.com\/?p=93462"},"modified":"2026-03-11T13:34:49","modified_gmt":"2026-03-11T10:34:49","slug":"yukatel-merkezefendi-belediyesinden-krister-zoriks-hamlesi","status":"publish","type":"post","link":"https:\/\/www.egemtv.com\/?p=93462","title":{"rendered":"Yukatel Merkezefendi Belediyesi\u2019nden Krister Zoriks Hamlesi"},"content":{"rendered":"<p>T\u00fcrkiye Sigorta Basketbol S\u00fcper Ligi ekiplerinden Yukatel Merkezefendi Belediyesi, guard rotasyonunu g\u00fc\u00e7lendirmek i\u00e7in Letonyal\u0131 basketbolcu Krister Zoriks\u2019i kadrosuna katt\u0131.<br \/>\n<br \/>Yukatel Merkezefendi Belediyesi Basket, kadro yap\u0131lanmas\u0131 kapsam\u0131nda Letonyal\u0131 guard Kristers Zoriks ile anla\u015fmaya vard\u0131\u011f\u0131n\u0131 a\u00e7\u0131klad\u0131. T\u00fcrkiye Sigorta Basketbol S\u00fcper Ligi ekiplerinden olan Denizli temsilcisi, yapt\u0131\u011f\u0131 a\u00e7\u0131klamada guard pozisyonunda g\u00f6rev yapan oyuncunun kadroya dahil edildi\u011fini duyurdu.<br \/>\n<br \/>1998 do\u011fumlu ve 1.93 metre boyundaki Zoriks, kariyeri boyunca Avrupa\u2019n\u0131n farkl\u0131 liglerinde forma giydi. Oyun kurucu \u00f6zellikleri, saha g\u00f6r\u00fc\u015f\u00fc ve d\u0131\u015f at\u0131\u015f tehdidiyle \u00f6ne \u00e7\u0131kan Letonyal\u0131 basketbolcu; skor \u00fcretme ve tak\u0131m arkada\u015flar\u0131n\u0131 pozisyona sokma konusundaki becerileriyle dikkat \u00e7ekiyor.<br \/>\n<br \/>Kul\u00fcb\u00fcn Genel Menajeri Evren Yenice, transferle ilgili yapt\u0131\u011f\u0131 de\u011ferlendirmede Zoriks\u2019in tak\u0131ma \u00f6nemli katk\u0131 sa\u011flayaca\u011f\u0131na inand\u0131klar\u0131n\u0131 belirtti. Yenice a\u00e7\u0131klamas\u0131nda, &#8220;Krister Zoriks oyun akl\u0131 y\u00fcksek, tempolu basketbola uyum sa\u011flayabilen ve hem skor hem de organizasyon anlam\u0131nda tak\u0131ma katk\u0131 verebilecek bir oyuncu. Guard rotasyonumuzu g\u00fc\u00e7lendirmek istiyorduk. Karakteri ve sahadaki liderli\u011fiyle tak\u0131m\u0131m\u0131za de\u011fer kataca\u011f\u0131na inan\u0131yoruz&#8221; ifadelerini kulland\u0131.<br \/>\n<br \/>Denizli temsilcisinin h\u00fccum organizasyonlar\u0131nda \u00f6nemli rol \u00fcstlenmesi beklenen Zoriks i\u00e7in kul\u00fcp taraf\u0131ndan &#8220;ho\u015f geldin&#8221; mesaj\u0131 payla\u015f\u0131l\u0131rken, oyuncuya ba\u015far\u0131l\u0131 ve sa\u011fl\u0131kl\u0131 bir sezon dile\u011finde bulunuldu.<br \/><\/p>\n","protected":false},"excerpt":{"rendered":"<p>T\u00fcrkiye Sigorta Basketbol S\u00fcper Ligi ekiplerinden Yukatel Merkezefendi Belediyesi, guard rotasyonunu g\u00fc\u00e7lendirmek i\u00e7in Letonyal\u0131 basketbolcu Krister Zoriks\u2019i kadrosuna katt\u0131. Yukatel Merkezefendi Belediyesi Basket, kadro yap\u0131lanmas\u0131 kapsam\u0131nda Letonyal\u0131 guard Kristers Zoriks ile anla\u015fmaya vard\u0131\u011f\u0131n\u0131 a\u00e7\u0131klad\u0131. T\u00fcrkiye Sigorta Basketbol S\u00fcper Ligi ekiplerinden olan Denizli temsilcisi, yapt\u0131\u011f\u0131 a\u00e7\u0131klamada guard pozisyonunda g\u00f6rev yapan oyuncunun kadroya dahil edildi\u011fini duyurdu. 1998&#8230;<\/p>\n","protected":false},"author":1,"featured_media":93463,"comment_status":"open","ping_status":"open","sticky":false,"template":"","format":"standard","meta":{"_crdt_document":"","footnotes":""},"categories":[4],"tags":[],"class_list":["post-93462","post","type-post","status-publish","format-standard","has-post-thumbnail","hentry","category-spor"],"_links":{"self":[{"href":"https:\/\/www.egemtv.com\/index.php?rest_route=\/wp\/v2\/posts\/93462","targetHints":{"allow":["GET"]}}],"collection":[{"href":"https:\/\/www.egemtv.com\/index.php?rest_route=\/wp\/v2\/posts"}],"about":[{"href":"https:\/\/www.egemtv.com\/index.php?rest_route=\/wp\/v2\/types\/post"}],"author":[{"embeddable":true,"href":"https:\/\/www.egemtv.com\/index.php?rest_route=\/wp\/v2\/users\/1"}],"replies":[{"embeddable":true,"href":"https:\/\/www.egemtv.com\/index.php?rest_route=%2Fwp%2Fv2%2Fcomments&post=93462"}],"version-history":[{"count":1,"href":"https:\/\/www.egemtv.com\/index.php?rest_route=\/wp\/v2\/posts\/93462\/revisions"}],"predecessor-version":[{"id":93464,"href":"https:\/\/www.egemtv.com\/index.php?rest_route=\/wp\/v2\/posts\/93462\/revisions\/93464"}],"wp:featuredmedia":[{"embeddable":true,"href":"https:\/\/www.egemtv.com\/index.php?rest_route=\/wp\/v2\/media\/93463"}],"wp:attachment":[{"href":"https:\/\/www.egemtv.com\/index.php?rest_route=%2Fwp%2Fv2%2Fmedia&parent=93462"}],"wp:term":[{"taxonomy":"category","embeddable":true,"href":"https:\/\/www.egemtv.com\/index.php?rest_route=%2Fwp%2Fv2%2Fcategories&post=93462"},{"taxonomy":"post_tag","embeddable":true,"href":"https:\/\/www.egemtv.com\/index.php?rest_route=%2Fwp%2Fv2%2Ftags&post=93462"}],"curies":[{"name":"wp","href":"https:\/\/api.w.org\/{rel}","templated":true}]}}