{"id":93459,"date":"2026-03-11T13:34:46","date_gmt":"2026-03-11T10:34:46","guid":{"rendered":"https:\/\/www.egemtv.com\/?p=93459"},"modified":"2026-03-11T13:34:48","modified_gmt":"2026-03-11T10:34:48","slug":"izmirde-oldurulen-taksici-icin-meslektaslarindan-aracli-konvoy","status":"publish","type":"post","link":"https:\/\/www.egemtv.com\/?p=93459","title":{"rendered":"\u0130zmir\u2019de \u00f6ld\u00fcr\u00fclen taksici i\u00e7in meslekta\u015flar\u0131ndan ara\u00e7l\u0131 konvoy"},"content":{"rendered":"<p>\u0130zmir\u2019in Konak il\u00e7esinde \u00fccret y\u00fcz\u00fcnden tart\u0131\u015ft\u0131\u011f\u0131 yolcu taraf\u0131ndan tabancayla vurularak \u00f6ld\u00fcr\u00fclen taksi \u015fof\u00f6r\u00fc Deniz \u00d6rer i\u00e7in meslekta\u015flar\u0131 konvoy d\u00fczenledi.<br \/>\n<br \/>Konak il\u00e7esi Basmane Kap\u0131lar mevkisinde pazartesi g\u00fcn\u00fc saat 23.15 s\u0131ralar\u0131nda taksi \u015fof\u00f6r\u00fc Deniz \u00d6rer (52) ile yolcu D.M. (24) aras\u0131nda iddiaya g\u00f6re \u00fccret sebebiyle tart\u0131\u015fma \u00e7\u0131kt\u0131. Tart\u0131\u015fman\u0131n b\u00fcy\u00fcmesi \u00fczerine D.M., yan\u0131ndaki tabancayla \u00d6rer\u2019e ate\u015f etti. A\u011f\u0131r yaralanan \u00d6rer olay yerinde hayat\u0131n\u0131 kaybederken, \u015f\u00fcpheli D.M. taksinin direksiyonuna ge\u00e7ip olay yerinden uzakla\u015ft\u0131. Polis ekipleri, ka\u00e7an \u015fahs\u0131 yakalamak i\u00e7in \u00e7al\u0131\u015fma ba\u015flatt\u0131. Yap\u0131lan ara\u015ft\u0131rmalar sonucunda kimli\u011fi ve ka\u00e7\u0131\u015f g\u00fczergah\u0131 tespit edilen \u015f\u00fcpheli D.M., arac\u0131 bir sokakta terk edip yaya olarak ka\u00e7maya \u00e7al\u0131\u015f\u0131rken yakaland\u0131. G\u00f6zalt\u0131na al\u0131nan \u015f\u00fcphelinin \u00fczerinde olayda kulland\u0131\u011f\u0131 tabanca da ele ge\u00e7irildi. Emniyetteki sorgusunun ard\u0131ndan adliyeye sevk edilen D.M., \u00e7\u0131kar\u0131ld\u0131\u011f\u0131 mahkemece tutuklanarak cezaevine g\u00f6nderildi.<br \/>\n<br \/>Evli ve bir \u00e7ocuk babas\u0131 olan Deniz \u00d6rer\u2019in cenazesi, \u0130zmir Adli T\u0131p Kurumu morgundan al\u0131narak Bayrakl\u0131 Nald\u00f6ken Fevzipa\u015fa Camii\u2019ne getirildi. Meslekta\u015flar\u0131, \u00d6rer\u2019e son g\u00f6revlerini yerine getirmek i\u00e7in saat 11.00\u2019de Kahramanlar Fuar Taksi \u00f6n\u00fcnde toplanarak, cenaze alan\u0131na do\u011fru konvoy olu\u015fturdu. Meslekta\u015flar\u0131n\u0131n olu\u015fturdu\u011fu konvoyun en \u00f6n\u00fcnde ise \u00d6rer\u2019in sald\u0131r\u0131ya u\u011frad\u0131\u011f\u0131 taksi yer ald\u0131. Cenazenin k\u0131l\u0131nacak namaz\u0131n ard\u0131ndan Do\u011fan\u00e7ay Mezarl\u0131\u011f\u0131\u2019nda defnedilece\u011fi \u00f6\u011frenildi.<\/p>\n<p>&#8220;Kefenimizi cebimize koyarak \u00e7\u0131kmak istemiyoruz&#8221;<br \/>\n<br \/>Taksici Ali Arda Karabulut, 2024 y\u0131l\u0131nda cinayete kurban giden meslekta\u015f\u0131 O\u011fuz Erge ile ge\u00e7mi\u015fte birlikte \u00e7al\u0131\u015ft\u0131klar\u0131n\u0131 belirterek, &#8220;Beraber \u00e7al\u0131\u015ft\u0131k, ard\u0131ndan bizden ayr\u0131ld\u0131 ve bir s\u00fcre Otogar Taksi\u2019de g\u00f6rev yapt\u0131. 6 \u015eubat Hatay depreminde bizzat \u015fahit oldum; depremzedeleri kendi cebinden kar\u015f\u0131layarak, hi\u00e7bir \u00fccret talep etmeden ta\u015f\u0131d\u0131. Evden \u00e7\u0131karken kefenimizi cebimize koyarak \u00e7\u0131kmak istemiyoruz. \u0130\u015fimizi g\u00f6n\u00fcl rahatl\u0131\u011f\u0131yla yapmak istiyoruz ve art\u0131k bu ya\u015fananlara kesinlikle bir \u00f6nlem al\u0131nmas\u0131 gerekiyor. Ailelerimiz bu olaylardan sonra epey tedirgin oluyor ve geceleri \u00e7al\u0131\u015fmamam\u0131z\u0131 istiyorlar. Bizim kimseye bir zarar\u0131m\u0131z yok. Vatanda\u015f\u0131n hastas\u0131 olur gideriz, bir rahats\u0131zl\u0131\u011f\u0131 olur ko\u015ftururuz. Biz sadece ekme\u011fimizin pe\u015findeyiz. \u0130ki y\u0131l \u00f6nce O\u011fuz\u2019un ac\u0131s\u0131 hen\u00fcz ge\u00e7memi\u015fken rahmetli Deniz\u2019i kaybettik. Kendisiyle \u00e7ok yak\u0131n bir sohbetimiz olmasa da ara\u00e7 y\u0131kama yerlerinde kar\u015f\u0131la\u015f\u0131rd\u0131k, \u00e7ok iyi bir insand\u0131. Ancak yetkililer taraf\u0131ndan cayd\u0131r\u0131c\u0131 bir \u00f6nlem al\u0131nmazsa bu ac\u0131 olaylar mesle\u011fimizde ne ilk oldu ne de son olacak&#8221; dedi.<\/p>\n<p>&#8220;Helalle\u015ferek evden ayr\u0131lmak istemiyoruz&#8221;<br \/>\n<br \/>Taksici Hasan H\u00fcseyin Sava\u015f, hayat\u0131n\u0131 kaybeden meslekta\u015f\u0131n\u0131n uzun y\u0131llard\u0131r mesle\u011fe hakk\u0131n\u0131 veren de\u011ferli bir ki\u015fi oldu\u011funu vurgulayarak, &#8220;Kendi mesle\u011finde onur m\u00fccadelesi veren, zorlu \u015fartlar alt\u0131nda evine ekmek g\u00f6t\u00fcr\u00fcp r\u0131zk\u0131n\u0131 kazanan bir arkada\u015f\u0131m\u0131zd\u0131. Kendini bilmez birinin ummad\u0131k kur\u015funuyla arkada\u015f\u0131m\u0131z\u0131 kaybettik. Biz art\u0131k evimizden \u00e7\u0131karken ailemizle, \u00e7ocuklar\u0131m\u0131zla helalle\u015fmek istemiyoruz; sabah g\u00f6r\u00fc\u015fmek dile\u011fiyle ayr\u0131lmak istiyoruz. Evden \u00e7\u0131karken ailemize, \u2019Yar\u0131n sabah g\u00f6r\u00fc\u015f\u00fcr m\u00fcy\u00fcz bilemeyiz, g\u00f6r\u00fc\u015femezsek hakk\u0131n\u0131z\u0131 helal edin\u2019 demek istemiyoruz. Yetkilileri art\u0131k taksilerde g\u00fcvenlik kabini ve can g\u00fcvenli\u011fimizin sa\u011flanmas\u0131 konular\u0131nda g\u00f6reve bekliyoruz. Ac\u0131m\u0131z \u00e7ok b\u00fcy\u00fck ve derin. Biz art\u0131k bu meslekte hi\u00e7bir arkada\u015f\u0131m\u0131z\u0131 kaybetmek ve bu ac\u0131y\u0131 bir daha ya\u015famak istemiyoruz&#8221; ifadelerini kulland\u0131.<\/p>\n<p>19 y\u0131l sonra ayn\u0131 sokakta ikinci cinayet<br \/>\n<br \/>2007 y\u0131l\u0131nda Deniz \u00d6rer ile ayn\u0131 ak\u0131bete u\u011frayarak Tulumba Sokak\u2019ta hayat\u0131n\u0131 kaybeden Mustafa Girgin\u2019in gelini Yeliz Y\u0131ld\u0131r\u0131m Girgin ise, kay\u0131npederinin de y\u0131llar \u00f6nce ayn\u0131 sokakta bir taksi cinayetine kurban gitti\u011fini hat\u0131rlatarak, &#8220;19 y\u0131l sonra e\u015fimin \u00e7ocukluk arkada\u015f\u0131 olan Deniz\u2019in de ayn\u0131 sokakta cinayete kurban gitmesi i\u00e7ler ac\u0131s\u0131. Biz halk olarak ayn\u0131 sokakta tekrar bir cinayetle ve \u00f6l\u00fcmle kar\u015f\u0131la\u015fmak istemiyoruz&#8221; \u015feklinde konu\u015ftu.<br \/><\/p>\n","protected":false},"excerpt":{"rendered":"<p>\u0130zmir\u2019in Konak il\u00e7esinde \u00fccret y\u00fcz\u00fcnden tart\u0131\u015ft\u0131\u011f\u0131 yolcu taraf\u0131ndan tabancayla vurularak \u00f6ld\u00fcr\u00fclen taksi \u015fof\u00f6r\u00fc Deniz \u00d6rer i\u00e7in meslekta\u015flar\u0131 konvoy d\u00fczenledi. Konak il\u00e7esi Basmane Kap\u0131lar mevkisinde pazartesi g\u00fcn\u00fc saat 23.15 s\u0131ralar\u0131nda taksi \u015fof\u00f6r\u00fc Deniz \u00d6rer (52) ile yolcu D.M. (24) aras\u0131nda iddiaya g\u00f6re \u00fccret sebebiyle tart\u0131\u015fma \u00e7\u0131kt\u0131. Tart\u0131\u015fman\u0131n b\u00fcy\u00fcmesi \u00fczerine D.M., yan\u0131ndaki tabancayla \u00d6rer\u2019e ate\u015f etti. A\u011f\u0131r&#8230;<\/p>\n","protected":false},"author":1,"featured_media":93460,"comment_status":"open","ping_status":"open","sticky":false,"template":"","format":"standard","meta":{"_crdt_document":"","footnotes":""},"categories":[1],"tags":[],"class_list":["post-93459","post","type-post","status-publish","format-standard","has-post-thumbnail","hentry","category-guncel"],"_links":{"self":[{"href":"https:\/\/www.egemtv.com\/index.php?rest_route=\/wp\/v2\/posts\/93459","targetHints":{"allow":["GET"]}}],"collection":[{"href":"https:\/\/www.egemtv.com\/index.php?rest_route=\/wp\/v2\/posts"}],"about":[{"href":"https:\/\/www.egemtv.com\/index.php?rest_route=\/wp\/v2\/types\/post"}],"author":[{"embeddable":true,"href":"https:\/\/www.egemtv.com\/index.php?rest_route=\/wp\/v2\/users\/1"}],"replies":[{"embeddable":true,"href":"https:\/\/www.egemtv.com\/index.php?rest_route=%2Fwp%2Fv2%2Fcomments&post=93459"}],"version-history":[{"count":1,"href":"https:\/\/www.egemtv.com\/index.php?rest_route=\/wp\/v2\/posts\/93459\/revisions"}],"predecessor-version":[{"id":93461,"href":"https:\/\/www.egemtv.com\/index.php?rest_route=\/wp\/v2\/posts\/93459\/revisions\/93461"}],"wp:featuredmedia":[{"embeddable":true,"href":"https:\/\/www.egemtv.com\/index.php?rest_route=\/wp\/v2\/media\/93460"}],"wp:attachment":[{"href":"https:\/\/www.egemtv.com\/index.php?rest_route=%2Fwp%2Fv2%2Fmedia&parent=93459"}],"wp:term":[{"taxonomy":"category","embeddable":true,"href":"https:\/\/www.egemtv.com\/index.php?rest_route=%2Fwp%2Fv2%2Fcategories&post=93459"},{"taxonomy":"post_tag","embeddable":true,"href":"https:\/\/www.egemtv.com\/index.php?rest_route=%2Fwp%2Fv2%2Ftags&post=93459"}],"curies":[{"name":"wp","href":"https:\/\/api.w.org\/{rel}","templated":true}]}}