{"id":93456,"date":"2026-03-11T13:14:52","date_gmt":"2026-03-11T10:14:52","guid":{"rendered":"https:\/\/www.egemtv.com\/?p=93456"},"modified":"2026-03-11T13:14:53","modified_gmt":"2026-03-11T10:14:53","slug":"kutahya-obmde-arac-soforleri-ve-operatorlere-egitim-verildi","status":"publish","type":"post","link":"https:\/\/www.egemtv.com\/?p=93456","title":{"rendered":"K\u00fctahya OBM\u2019de ara\u00e7 \u015fof\u00f6rleri ve operat\u00f6rlere e\u011fitim verildi"},"content":{"rendered":"<p>K\u00fctahya Orman B\u00f6lge M\u00fcd\u00fcrl\u00fc\u011f\u00fc b\u00fcnyesinde g\u00f6rev yapan ara\u00e7 \u015fof\u00f6rleri ve i\u015f makinesi operat\u00f6rlerine y\u00f6nelik e\u011fitim program\u0131 d\u00fczenlendi.<br \/>\n<br \/>Orman \u0130\u015fletme M\u00fcd\u00fcrl\u00fcklerinde g\u00f6revli personelin kat\u0131ld\u0131\u011f\u0131 e\u011fitim, Makine \u0130kmal \u015eube M\u00fcd\u00fcrl\u00fc\u011f\u00fcnde g\u00f6rev yapan Makine M\u00fchendisleri Akif Eltan ve Hakan \u00d6ks\u00fcm taraf\u0131ndan verildi. E\u011fitim kapsam\u0131nda i\u015f makinelerinin do\u011fru ve etkin kullan\u0131m\u0131, bak\u0131m s\u00fcre\u00e7leri ile g\u00fcvenli \u00e7al\u0131\u015fma kurallar\u0131 hakk\u0131nda bilgilendirme yap\u0131ld\u0131.<br \/>\n<br \/>D\u00fczenlenen e\u011fitimle personelin teknik bilgi ve becerilerinin art\u0131r\u0131lmas\u0131, ara\u00e7 ve i\u015f makinelerinin daha verimli ve g\u00fcvenli \u015fekilde kullan\u0131lmas\u0131 ama\u00e7land\u0131\u011f\u0131 belirtildi.<br \/><\/p>\n","protected":false},"excerpt":{"rendered":"<p>K\u00fctahya Orman B\u00f6lge M\u00fcd\u00fcrl\u00fc\u011f\u00fc b\u00fcnyesinde g\u00f6rev yapan ara\u00e7 \u015fof\u00f6rleri ve i\u015f makinesi operat\u00f6rlerine y\u00f6nelik e\u011fitim program\u0131 d\u00fczenlendi. Orman \u0130\u015fletme M\u00fcd\u00fcrl\u00fcklerinde g\u00f6revli personelin kat\u0131ld\u0131\u011f\u0131 e\u011fitim, Makine \u0130kmal \u015eube M\u00fcd\u00fcrl\u00fc\u011f\u00fcnde g\u00f6rev yapan Makine M\u00fchendisleri Akif Eltan ve Hakan \u00d6ks\u00fcm taraf\u0131ndan verildi. E\u011fitim kapsam\u0131nda i\u015f makinelerinin do\u011fru ve etkin kullan\u0131m\u0131, bak\u0131m s\u00fcre\u00e7leri ile g\u00fcvenli \u00e7al\u0131\u015fma kurallar\u0131 hakk\u0131nda bilgilendirme&#8230;<\/p>\n","protected":false},"author":1,"featured_media":93457,"comment_status":"open","ping_status":"open","sticky":false,"template":"","format":"standard","meta":{"_crdt_document":"","footnotes":""},"categories":[1],"tags":[],"class_list":["post-93456","post","type-post","status-publish","format-standard","has-post-thumbnail","hentry","category-guncel"],"_links":{"self":[{"href":"https:\/\/www.egemtv.com\/index.php?rest_route=\/wp\/v2\/posts\/93456","targetHints":{"allow":["GET"]}}],"collection":[{"href":"https:\/\/www.egemtv.com\/index.php?rest_route=\/wp\/v2\/posts"}],"about":[{"href":"https:\/\/www.egemtv.com\/index.php?rest_route=\/wp\/v2\/types\/post"}],"author":[{"embeddable":true,"href":"https:\/\/www.egemtv.com\/index.php?rest_route=\/wp\/v2\/users\/1"}],"replies":[{"embeddable":true,"href":"https:\/\/www.egemtv.com\/index.php?rest_route=%2Fwp%2Fv2%2Fcomments&post=93456"}],"version-history":[{"count":1,"href":"https:\/\/www.egemtv.com\/index.php?rest_route=\/wp\/v2\/posts\/93456\/revisions"}],"predecessor-version":[{"id":93458,"href":"https:\/\/www.egemtv.com\/index.php?rest_route=\/wp\/v2\/posts\/93456\/revisions\/93458"}],"wp:featuredmedia":[{"embeddable":true,"href":"https:\/\/www.egemtv.com\/index.php?rest_route=\/wp\/v2\/media\/93457"}],"wp:attachment":[{"href":"https:\/\/www.egemtv.com\/index.php?rest_route=%2Fwp%2Fv2%2Fmedia&parent=93456"}],"wp:term":[{"taxonomy":"category","embeddable":true,"href":"https:\/\/www.egemtv.com\/index.php?rest_route=%2Fwp%2Fv2%2Fcategories&post=93456"},{"taxonomy":"post_tag","embeddable":true,"href":"https:\/\/www.egemtv.com\/index.php?rest_route=%2Fwp%2Fv2%2Ftags&post=93456"}],"curies":[{"name":"wp","href":"https:\/\/api.w.org\/{rel}","templated":true}]}}