{"id":93450,"date":"2026-03-11T13:14:49","date_gmt":"2026-03-11T10:14:49","guid":{"rendered":"https:\/\/www.egemtv.com\/?p=93450"},"modified":"2026-03-11T13:14:50","modified_gmt":"2026-03-11T10:14:50","slug":"sanatin-diliyle-degerlerimiz-hat-tezhip-ebru-sergisi-acildi","status":"publish","type":"post","link":"https:\/\/www.egemtv.com\/?p=93450","title":{"rendered":"\u2018Sanat\u0131n diliyle de\u011ferlerimiz, hat, tezhip, ebru\u2019 sergisi a\u00e7\u0131ld\u0131"},"content":{"rendered":"<p>Yata\u011fan Millet Bah\u00e7esinde Halk E\u011fitim Merkezleri ve Mu\u011fla Olgunla\u015fma Enstit\u00fcs\u00fc kursiyerlerinin eserleri ile olu\u015fturulan \u2018Sanat\u0131n Diliyle De\u011ferlerimiz Hat, Tezhip ve Ebru Eserleri Sergisi\u2019 Mu\u011fla Valisi Dr. \u0130dris Akb\u0131y\u0131k taraf\u0131ndan a\u00e7\u0131ld\u0131.<br \/>\n<br \/>Peygamber Efendimiz Hz. Muhammed\u2019in (s.a.s) do\u011fumunun 1500. y\u0131l\u0131 etkinlikleri kapsam\u0131nda, Mu\u011fla Valili\u011fi himayesinde ve Mu\u011fla \u0130l Mill\u00ee E\u011fitim M\u00fcd\u00fcrl\u00fc\u011f\u00fc koordinasyonunda haz\u0131rlanan sergide Vali Akb\u0131y\u0131k ve beraberindeki protokol \u00fcyeleri eserler hakk\u0131nda kursiyerlerden ve halk e\u011fitim merkezi m\u00fcd\u00fcrlerinden bilgi ald\u0131.<br \/>\n<br \/>A\u00e7\u0131l\u0131\u015fa Vali Dr. \u0130dris Akb\u0131y\u0131k\u2019\u0131n yan\u0131 s\u0131ra Mu\u011fla Cumhuriyet Ba\u015fsavc\u0131s\u0131 O\u011fuzhan D\u00f6nmez, Yata\u011fan Kaymakam\u0131 Turgay \u0130lhan, Yata\u011fan Cumhuriyet Ba\u015fsavc\u0131s\u0131 Baki Bozkaya, \u0130l Milli E\u011fitim M\u00fcd\u00fcr\u00fc Emre \u00c7ay, Mu\u011fla \u0130l M\u00fcft\u00fcs\u00fc Dr. R\u00fcstem Can, protokol \u00fcyeleri ve vatanda\u015flar kat\u0131ld\u0131.<br \/><\/p>\n","protected":false},"excerpt":{"rendered":"<p>Yata\u011fan Millet Bah\u00e7esinde Halk E\u011fitim Merkezleri ve Mu\u011fla Olgunla\u015fma Enstit\u00fcs\u00fc kursiyerlerinin eserleri ile olu\u015fturulan \u2018Sanat\u0131n Diliyle De\u011ferlerimiz Hat, Tezhip ve Ebru Eserleri Sergisi\u2019 Mu\u011fla Valisi Dr. \u0130dris Akb\u0131y\u0131k taraf\u0131ndan a\u00e7\u0131ld\u0131. Peygamber Efendimiz Hz. Muhammed\u2019in (s.a.s) do\u011fumunun 1500. y\u0131l\u0131 etkinlikleri kapsam\u0131nda, Mu\u011fla Valili\u011fi himayesinde ve Mu\u011fla \u0130l Mill\u00ee E\u011fitim M\u00fcd\u00fcrl\u00fc\u011f\u00fc koordinasyonunda haz\u0131rlanan sergide Vali Akb\u0131y\u0131k ve&#8230;<\/p>\n","protected":false},"author":1,"featured_media":93451,"comment_status":"open","ping_status":"open","sticky":false,"template":"","format":"standard","meta":{"_crdt_document":"","footnotes":""},"categories":[1],"tags":[],"class_list":["post-93450","post","type-post","status-publish","format-standard","has-post-thumbnail","hentry","category-guncel"],"_links":{"self":[{"href":"https:\/\/www.egemtv.com\/index.php?rest_route=\/wp\/v2\/posts\/93450","targetHints":{"allow":["GET"]}}],"collection":[{"href":"https:\/\/www.egemtv.com\/index.php?rest_route=\/wp\/v2\/posts"}],"about":[{"href":"https:\/\/www.egemtv.com\/index.php?rest_route=\/wp\/v2\/types\/post"}],"author":[{"embeddable":true,"href":"https:\/\/www.egemtv.com\/index.php?rest_route=\/wp\/v2\/users\/1"}],"replies":[{"embeddable":true,"href":"https:\/\/www.egemtv.com\/index.php?rest_route=%2Fwp%2Fv2%2Fcomments&post=93450"}],"version-history":[{"count":1,"href":"https:\/\/www.egemtv.com\/index.php?rest_route=\/wp\/v2\/posts\/93450\/revisions"}],"predecessor-version":[{"id":93452,"href":"https:\/\/www.egemtv.com\/index.php?rest_route=\/wp\/v2\/posts\/93450\/revisions\/93452"}],"wp:featuredmedia":[{"embeddable":true,"href":"https:\/\/www.egemtv.com\/index.php?rest_route=\/wp\/v2\/media\/93451"}],"wp:attachment":[{"href":"https:\/\/www.egemtv.com\/index.php?rest_route=%2Fwp%2Fv2%2Fmedia&parent=93450"}],"wp:term":[{"taxonomy":"category","embeddable":true,"href":"https:\/\/www.egemtv.com\/index.php?rest_route=%2Fwp%2Fv2%2Fcategories&post=93450"},{"taxonomy":"post_tag","embeddable":true,"href":"https:\/\/www.egemtv.com\/index.php?rest_route=%2Fwp%2Fv2%2Ftags&post=93450"}],"curies":[{"name":"wp","href":"https:\/\/api.w.org\/{rel}","templated":true}]}}