{"id":93447,"date":"2026-03-11T13:14:46","date_gmt":"2026-03-11T10:14:46","guid":{"rendered":"https:\/\/www.egemtv.com\/?p=93447"},"modified":"2026-03-11T13:14:48","modified_gmt":"2026-03-11T10:14:48","slug":"honazda-sel-baskini-sulama-tesislerine-zarar-verdi","status":"publish","type":"post","link":"https:\/\/www.egemtv.com\/?p=93447","title":{"rendered":"Honaz\u2019da sel bask\u0131n\u0131 sulama tesislerine zarar verdi"},"content":{"rendered":"<p>Honaz\u2019da etkili olan ya\u011f\u0131\u015flar\u0131n ard\u0131ndan Ba\u011faras\u0131 mevkiinde meydana gelen sel ve heyelanlar sulama tesislerinde hasara yol a\u00e7t\u0131. Honaz Belediyesi ekipleri, kiraz \u00fcretiminin aksamamas\u0131 i\u00e7in b\u00f6lgede onar\u0131m \u00e7al\u0131\u015fmalar\u0131na ba\u015flad\u0131.<\/p>\n<p>Denizli\u2019nin \u00f6nemli kiraz \u00fcretim merkezlerinden biri olan Honaz\u2019da son g\u00fcnlerde etkili olan ya\u011f\u0131\u015flar\u0131n ard\u0131ndan meydana gelen sel ve heyelanlar tar\u0131msal sulama altyap\u0131s\u0131nda hasara neden oldu. Honaz\u2019\u0131n kiraz \u00fcretiminin yo\u011fun olarak yap\u0131ld\u0131\u011f\u0131 Ba\u011faras\u0131 Mevkii\u2019nde Dinara \u00c7ay\u0131\u2019n\u0131n suyunun tar\u0131msal sulamada kullan\u0131lmas\u0131n\u0131 sa\u011flayan tesislerde zarar meydana geldi. Ya\u015fanan hasar\u0131n ard\u0131ndan Honaz Belediyesi ekipleri b\u00f6lgede h\u0131zl\u0131 bir \u015fekilde \u00e7al\u0131\u015fma ba\u015flatarak sulama sisteminin yeniden devreye al\u0131nmas\u0131 i\u00e7in harekete ge\u00e7ti. Honaz Belediye Ba\u015fkan\u0131 Y\u00fcksel Kepenek de sahada y\u00fcr\u00fct\u00fclen \u00e7al\u0131\u015fmalar\u0131 yerinde inceleyerek \u00fcreticilerin ma\u011fduriyet ya\u015famamas\u0131 i\u00e7in gerekli ad\u0131mlar\u0131n h\u0131zla at\u0131ld\u0131\u011f\u0131n\u0131 belirtti.<\/p>\n<p>Ba\u015fkan Kepenek yapt\u0131\u011f\u0131 a\u00e7\u0131klamada, &#8220;Honaz\u2019\u0131m\u0131z\u0131n kiraz \u00fcretiminin en yo\u011fun oldu\u011fu b\u00f6lgelerden birindeyiz. Son ya\u011f\u0131\u015flarla birlikte sel sular\u0131 nedeniyle sulama tesislerimizde maalesef hasarlar olu\u015ftu. Ekiplerimizle birlikte hemen sahaya inerek \u00e7al\u0131\u015fmalar\u0131m\u0131za ba\u015flad\u0131k. \u0130n\u015fallah k\u0131sa s\u00fcre i\u00e7erisinde sulama sistemimizi yeniden devreye alarak \u00fcreticilerimizin hizmetine sunaca\u011f\u0131z&#8221; dedi.<\/p>\n<p>\u00c7al\u0131\u015fmalar\u0131n k\u0131sa s\u00fcrede tamamlanmas\u0131n\u0131n hedeflendi\u011fini belirten Kepenek, sulama sisteminin \u00f6n\u00fcm\u00fczdeki hafta i\u00e7erisinde yeniden kullan\u0131ma haz\u0131r hale getirilece\u011fini ifade etti. Honaz Belediyesi olarak her zaman \u00fcreticinin yan\u0131nda olduklar\u0131n\u0131 vurgulayan Kepenek, yakla\u015fan kiraz sezonu \u00f6ncesinde t\u00fcm \u00e7ift\u00e7ilere bereketli bir sezon diledi.<br \/><\/p>\n","protected":false},"excerpt":{"rendered":"<p>Honaz\u2019da etkili olan ya\u011f\u0131\u015flar\u0131n ard\u0131ndan Ba\u011faras\u0131 mevkiinde meydana gelen sel ve heyelanlar sulama tesislerinde hasara yol a\u00e7t\u0131. Honaz Belediyesi ekipleri, kiraz \u00fcretiminin aksamamas\u0131 i\u00e7in b\u00f6lgede onar\u0131m \u00e7al\u0131\u015fmalar\u0131na ba\u015flad\u0131. Denizli\u2019nin \u00f6nemli kiraz \u00fcretim merkezlerinden biri olan Honaz\u2019da son g\u00fcnlerde etkili olan ya\u011f\u0131\u015flar\u0131n ard\u0131ndan meydana gelen sel ve heyelanlar tar\u0131msal sulama altyap\u0131s\u0131nda hasara neden oldu. Honaz\u2019\u0131n kiraz&#8230;<\/p>\n","protected":false},"author":1,"featured_media":93448,"comment_status":"open","ping_status":"open","sticky":false,"template":"","format":"standard","meta":{"_crdt_document":"","footnotes":""},"categories":[1],"tags":[],"class_list":["post-93447","post","type-post","status-publish","format-standard","has-post-thumbnail","hentry","category-guncel"],"_links":{"self":[{"href":"https:\/\/www.egemtv.com\/index.php?rest_route=\/wp\/v2\/posts\/93447","targetHints":{"allow":["GET"]}}],"collection":[{"href":"https:\/\/www.egemtv.com\/index.php?rest_route=\/wp\/v2\/posts"}],"about":[{"href":"https:\/\/www.egemtv.com\/index.php?rest_route=\/wp\/v2\/types\/post"}],"author":[{"embeddable":true,"href":"https:\/\/www.egemtv.com\/index.php?rest_route=\/wp\/v2\/users\/1"}],"replies":[{"embeddable":true,"href":"https:\/\/www.egemtv.com\/index.php?rest_route=%2Fwp%2Fv2%2Fcomments&post=93447"}],"version-history":[{"count":1,"href":"https:\/\/www.egemtv.com\/index.php?rest_route=\/wp\/v2\/posts\/93447\/revisions"}],"predecessor-version":[{"id":93449,"href":"https:\/\/www.egemtv.com\/index.php?rest_route=\/wp\/v2\/posts\/93447\/revisions\/93449"}],"wp:featuredmedia":[{"embeddable":true,"href":"https:\/\/www.egemtv.com\/index.php?rest_route=\/wp\/v2\/media\/93448"}],"wp:attachment":[{"href":"https:\/\/www.egemtv.com\/index.php?rest_route=%2Fwp%2Fv2%2Fmedia&parent=93447"}],"wp:term":[{"taxonomy":"category","embeddable":true,"href":"https:\/\/www.egemtv.com\/index.php?rest_route=%2Fwp%2Fv2%2Fcategories&post=93447"},{"taxonomy":"post_tag","embeddable":true,"href":"https:\/\/www.egemtv.com\/index.php?rest_route=%2Fwp%2Fv2%2Ftags&post=93447"}],"curies":[{"name":"wp","href":"https:\/\/api.w.org\/{rel}","templated":true}]}}