{"id":93444,"date":"2026-03-11T13:14:44","date_gmt":"2026-03-11T10:14:44","guid":{"rendered":"https:\/\/www.egemtv.com\/?p=93444"},"modified":"2026-03-11T13:14:45","modified_gmt":"2026-03-11T10:14:45","slug":"denizlide-depremler-olmasa-pamukkale-ve-karahayit-doga-harikasi-olmazdi","status":"publish","type":"post","link":"https:\/\/www.egemtv.com\/?p=93444","title":{"rendered":"Denizli\u2019de depremler olmasa Pamukkale ve Karahay\u0131t do\u011fa harikas\u0131 olmazd\u0131"},"content":{"rendered":"<p>Jeofizik Y\u00fcksek M\u00fchendisi Prof. Dr. Ahmet Ercan, Buldan depremi sonras\u0131 yapt\u0131\u011f\u0131 de\u011ferlendirmede dikkat \u00e7eken bir ger\u00e7e\u011fe i\u015faret etti: &#8220;Depremler olmasayd\u0131 Pamukkale ve Karahay\u0131t gibi do\u011fa harikalar\u0131 ortaya \u00e7\u0131kmazd\u0131&#8221; dedi.<\/p>\n<p>Denizli\u2019nin Buldan il\u00e7esinde meydana gelen deprem ve devam eden art\u00e7\u0131 sars\u0131nt\u0131larla ilgili de\u011ferlendirmede bulunan Jeofizik Y\u00fcksek M\u00fchendisi Prof. Dr. Ahmet Ercan, depremlerin sadece risk de\u011fil ayn\u0131 zamanda do\u011fan\u0131n olu\u015fumunda \u00f6nemli bir rol oynad\u0131\u011f\u0131n\u0131 vurgulad\u0131. Sosyal medya platformu X \u00fczerinden a\u00e7\u0131klama yapan Prof. Dr. Ercan, depremlerin ve k\u0131r\u0131k hatlar\u0131n\u0131n b\u00f6lgedeki jeotermal sistemlerin temel kayna\u011f\u0131 oldu\u011funu belirtti. Prof. Dr. Ercan, &#8220;Depremler olmasayd\u0131 Pamukkale ve Karahay\u0131t gibi d\u00fcnyaca \u00fcnl\u00fc do\u011fa harikalar\u0131 ortaya \u00e7\u0131kmazd\u0131. Depremler ile d\u00fc\u015f\u00fcml\u00fc k\u0131r\u0131klar jeotermal alanlar\u0131n \u0131s\u0131 kayna\u011f\u0131d\u0131r&#8221; ifadelerini kulland\u0131.<\/p>\n<p>\u00d6te yandan Pamukkale \u00c7ukuru ve B\u00fcy\u00fck Menderes grabeni \u00e7evresinde yap\u0131la\u015fma konusunda dikkatli olunmas\u0131 gerekti\u011fini belirten Prof. Dr. Ercan, b\u00f6lgenin ge\u00e7mi\u015fte b\u00fcy\u00fck depremler \u00fcretti\u011fini ve bu ger\u00e7e\u011fin g\u00f6z ard\u0131 edilmemesi gerekti\u011fini s\u00f6yledi.<\/p>\n<p>Art\u00e7\u0131 sars\u0131nt\u0131lar\u0131n ise birka\u00e7 hafta daha k\u00fc\u00e7\u00fclerek devam edebilece\u011fini belirten Prof. Dr. Ercan, vatanda\u015flara &#8220;Sa\u011flam yerde sa\u011flam yap\u0131&#8221; \u00e7a\u011fr\u0131s\u0131 yapt\u0131.<br \/><\/p>\n","protected":false},"excerpt":{"rendered":"<p>Jeofizik Y\u00fcksek M\u00fchendisi Prof. Dr. Ahmet Ercan, Buldan depremi sonras\u0131 yapt\u0131\u011f\u0131 de\u011ferlendirmede dikkat \u00e7eken bir ger\u00e7e\u011fe i\u015faret etti: &#8220;Depremler olmasayd\u0131 Pamukkale ve Karahay\u0131t gibi do\u011fa harikalar\u0131 ortaya \u00e7\u0131kmazd\u0131&#8221; dedi. Denizli\u2019nin Buldan il\u00e7esinde meydana gelen deprem ve devam eden art\u00e7\u0131 sars\u0131nt\u0131larla ilgili de\u011ferlendirmede bulunan Jeofizik Y\u00fcksek M\u00fchendisi Prof. Dr. Ahmet Ercan, depremlerin sadece risk de\u011fil ayn\u0131&#8230;<\/p>\n","protected":false},"author":1,"featured_media":93445,"comment_status":"open","ping_status":"open","sticky":false,"template":"","format":"standard","meta":{"_crdt_document":"","footnotes":""},"categories":[1],"tags":[],"class_list":["post-93444","post","type-post","status-publish","format-standard","has-post-thumbnail","hentry","category-guncel"],"_links":{"self":[{"href":"https:\/\/www.egemtv.com\/index.php?rest_route=\/wp\/v2\/posts\/93444","targetHints":{"allow":["GET"]}}],"collection":[{"href":"https:\/\/www.egemtv.com\/index.php?rest_route=\/wp\/v2\/posts"}],"about":[{"href":"https:\/\/www.egemtv.com\/index.php?rest_route=\/wp\/v2\/types\/post"}],"author":[{"embeddable":true,"href":"https:\/\/www.egemtv.com\/index.php?rest_route=\/wp\/v2\/users\/1"}],"replies":[{"embeddable":true,"href":"https:\/\/www.egemtv.com\/index.php?rest_route=%2Fwp%2Fv2%2Fcomments&post=93444"}],"version-history":[{"count":1,"href":"https:\/\/www.egemtv.com\/index.php?rest_route=\/wp\/v2\/posts\/93444\/revisions"}],"predecessor-version":[{"id":93446,"href":"https:\/\/www.egemtv.com\/index.php?rest_route=\/wp\/v2\/posts\/93444\/revisions\/93446"}],"wp:featuredmedia":[{"embeddable":true,"href":"https:\/\/www.egemtv.com\/index.php?rest_route=\/wp\/v2\/media\/93445"}],"wp:attachment":[{"href":"https:\/\/www.egemtv.com\/index.php?rest_route=%2Fwp%2Fv2%2Fmedia&parent=93444"}],"wp:term":[{"taxonomy":"category","embeddable":true,"href":"https:\/\/www.egemtv.com\/index.php?rest_route=%2Fwp%2Fv2%2Fcategories&post=93444"},{"taxonomy":"post_tag","embeddable":true,"href":"https:\/\/www.egemtv.com\/index.php?rest_route=%2Fwp%2Fv2%2Ftags&post=93444"}],"curies":[{"name":"wp","href":"https:\/\/api.w.org\/{rel}","templated":true}]}}