{"id":93441,"date":"2026-03-11T12:54:32","date_gmt":"2026-03-11T09:54:32","guid":{"rendered":"https:\/\/www.egemtv.com\/?p=93441"},"modified":"2026-03-11T12:54:33","modified_gmt":"2026-03-11T09:54:33","slug":"yildizlar-bilek-guresi-musabakalari-sona-erdi","status":"publish","type":"post","link":"https:\/\/www.egemtv.com\/?p=93441","title":{"rendered":"Y\u0131ld\u0131zlar bilek g\u00fcre\u015fi m\u00fcsabakalar\u0131 sona erdi"},"content":{"rendered":"<p>Afyonkarahisar \u00c7i\u011filtepe Spor Salonunda d\u00fczenlenen \u2018Okul Sporlar\u0131 Y\u0131ld\u0131zlar Bilek G\u00fcre\u015fi\u2019 m\u00fcsabakalar\u0131 tamamland\u0131.<br \/>\n<br \/>2 g\u00fcn s\u00fcren m\u00fcsabakalar\u0131n ard\u0131ndan dereceye giren sporculara madalyalar\u0131 Gen\u00e7lik ve Spor \u0130l M\u00fcd\u00fcrl\u00fc\u011f\u00fc Spor Hizmetleri M\u00fcd\u00fcr\u00fc Y\u0131lmaz Er\u015fen taraf\u0131ndan takdim edildi. Etkinli\u011fin ard\u0131ndan kurumdan yap\u0131lan yaz\u0131l\u0131 a\u00e7\u0131klamada, bilek g\u00fcre\u015fi grup m\u00fcsabakalar\u0131na kat\u0131lmaya hak kazanan sporculara ba\u015far\u0131lar dilendi.<br \/><\/p>\n","protected":false},"excerpt":{"rendered":"<p>Afyonkarahisar \u00c7i\u011filtepe Spor Salonunda d\u00fczenlenen \u2018Okul Sporlar\u0131 Y\u0131ld\u0131zlar Bilek G\u00fcre\u015fi\u2019 m\u00fcsabakalar\u0131 tamamland\u0131. 2 g\u00fcn s\u00fcren m\u00fcsabakalar\u0131n ard\u0131ndan dereceye giren sporculara madalyalar\u0131 Gen\u00e7lik ve Spor \u0130l M\u00fcd\u00fcrl\u00fc\u011f\u00fc Spor Hizmetleri M\u00fcd\u00fcr\u00fc Y\u0131lmaz Er\u015fen taraf\u0131ndan takdim edildi. Etkinli\u011fin ard\u0131ndan kurumdan yap\u0131lan yaz\u0131l\u0131 a\u00e7\u0131klamada, bilek g\u00fcre\u015fi grup m\u00fcsabakalar\u0131na kat\u0131lmaya hak kazanan sporculara ba\u015far\u0131lar dilendi.<\/p>\n","protected":false},"author":1,"featured_media":93442,"comment_status":"open","ping_status":"open","sticky":false,"template":"","format":"standard","meta":{"_crdt_document":"","footnotes":""},"categories":[1],"tags":[],"class_list":["post-93441","post","type-post","status-publish","format-standard","has-post-thumbnail","hentry","category-guncel"],"_links":{"self":[{"href":"https:\/\/www.egemtv.com\/index.php?rest_route=\/wp\/v2\/posts\/93441","targetHints":{"allow":["GET"]}}],"collection":[{"href":"https:\/\/www.egemtv.com\/index.php?rest_route=\/wp\/v2\/posts"}],"about":[{"href":"https:\/\/www.egemtv.com\/index.php?rest_route=\/wp\/v2\/types\/post"}],"author":[{"embeddable":true,"href":"https:\/\/www.egemtv.com\/index.php?rest_route=\/wp\/v2\/users\/1"}],"replies":[{"embeddable":true,"href":"https:\/\/www.egemtv.com\/index.php?rest_route=%2Fwp%2Fv2%2Fcomments&post=93441"}],"version-history":[{"count":1,"href":"https:\/\/www.egemtv.com\/index.php?rest_route=\/wp\/v2\/posts\/93441\/revisions"}],"predecessor-version":[{"id":93443,"href":"https:\/\/www.egemtv.com\/index.php?rest_route=\/wp\/v2\/posts\/93441\/revisions\/93443"}],"wp:featuredmedia":[{"embeddable":true,"href":"https:\/\/www.egemtv.com\/index.php?rest_route=\/wp\/v2\/media\/93442"}],"wp:attachment":[{"href":"https:\/\/www.egemtv.com\/index.php?rest_route=%2Fwp%2Fv2%2Fmedia&parent=93441"}],"wp:term":[{"taxonomy":"category","embeddable":true,"href":"https:\/\/www.egemtv.com\/index.php?rest_route=%2Fwp%2Fv2%2Fcategories&post=93441"},{"taxonomy":"post_tag","embeddable":true,"href":"https:\/\/www.egemtv.com\/index.php?rest_route=%2Fwp%2Fv2%2Ftags&post=93441"}],"curies":[{"name":"wp","href":"https:\/\/api.w.org\/{rel}","templated":true}]}}