{"id":93438,"date":"2026-03-11T12:34:45","date_gmt":"2026-03-11T09:34:45","guid":{"rendered":"https:\/\/www.egemtv.com\/?p=93438"},"modified":"2026-03-11T12:34:46","modified_gmt":"2026-03-11T09:34:46","slug":"uzm-dr-akdemir-nefes-darligi-olan-hastalar-pulmoner-rehabilitasyon-programlari-ile-egzersiz-yapabilirler","status":"publish","type":"post","link":"https:\/\/www.egemtv.com\/?p=93438","title":{"rendered":"Uzm. Dr. Akdemir: &#8220;Nefes darl\u0131\u011f\u0131 olan hastalar pulmoner rehabilitasyon programlar\u0131 ile egzersiz yapabilirler&#8221;"},"content":{"rendered":"<p>Manisa \u015eehir Hastanesi G\u00f6\u011f\u00fcs Hastal\u0131klar\u0131 Hekimi Uzm. Dr. Selim Erkan Akdemir, &#8220;Nefes darl\u0131\u011f\u0131 olan kronik solunum sorunlu hastalar pulmoner rehabilitasyon programlar\u0131 ile g\u00fcvenli bir \u015fekilde egzersiz yapabilirler&#8221; dedi.<br \/>\n<br \/>Manisa \u015eehir Hastanesi G\u00f6\u011f\u00fcs Hastal\u0131klar\u0131 Hekimi Uzm. Dr. Selim Erkan Akdemir Pulmoner Rehabilitasyon Haftas\u0131 kapsam\u0131nda bilgilendirmelerde bulundu. Pulmoner rehabilitasyonun nefes darl\u0131\u011f\u0131 ya\u015fayan hastalar i\u00e7in planlanan kapsaml\u0131 bir sa\u011fl\u0131k program\u0131 oldu\u011funu belirten Uzm. Dr. Akdemir, &#8220;Nefes darl\u0131\u011f\u0131 ya\u015fayan, g\u00fcnl\u00fck aktivitelerde \u00e7abuk yorulan bireyler i\u00e7in \u00f6zel olarak planlanan kapsaml\u0131 bir sa\u011fl\u0131k program\u0131d\u0131r. Bu program\u0131n temel amac\u0131, hastalar\u0131n hem fiziksel hem de psikolojik olarak daha g\u00fc\u00e7l\u00fc hissetmesini sa\u011flamakt\u0131r. Egzersizlerden e\u011fitime, beslenme dan\u0131\u015fmanl\u0131\u011f\u0131ndan psikolojik deste\u011fe kadar pek \u00e7ok basama\u011f\u0131 i\u00e7erir. Genellikle haftada birka\u00e7 kez uygulanan bu programlar, ki\u015finin ihtiyac\u0131na g\u00f6re birka\u00e7 hafta ya da ay s\u00fcrebilmektedir&#8221; dedi.<br \/>\n<br \/>Pulmoner rehabilitasyon hakk\u0131nda bilgi veren Uzm. Dr. Akdemir, &#8220;Nefes darl\u0131\u011f\u0131, g\u00fcnl\u00fck ya\u015fam aktivitelerinde k\u0131s\u0131tlanma, ya\u015fam kalitesinde azalma ve\/veya egzersiz kapasitesinde k\u0131s\u0131tl\u0131l\u0131\u011f\u0131 olan t\u00fcm solunum hastalar\u0131na pulmoner rehabilitasyon uygulanabilmektedir. Pulmoner rehabilitasyon, her ya\u015ftaki solunum hastalar\u0131na rehabilitasyon \u00fcnitelerinin \u00f6zelliklerine ba\u011fl\u0131 olarak hastanede, ayaktan ya da evde uygulanabilmektedir. KOAH (Kronik obstr\u00fcktif akci\u011fer hastal\u0131\u011f\u0131) ba\u015fta olmak \u00fczere ast\u0131m, bron\u015fektazi, interstisyel akci\u011fer hastal\u0131klar\u0131, kistik fibrozis, g\u00f6\u011f\u00fcs duvar\u0131 hastal\u0131klar\u0131, n\u00f6romusk\u00fcler hastal\u0131klar, akci\u011fer nakli \u00f6ncesi ve sonras\u0131, akci\u011fer kanseri, obezite ili\u015fkili t\u00fcm akci\u011fer hastal\u0131klar\u0131nda pulmoner rehabilitasyon program\u0131 ba\u015far\u0131 ile uygulanabilmektedir. Hastal\u0131\u011fa ba\u011fl\u0131 geli\u015fen nefes darl\u0131\u011f\u0131 ve fonksiyonel yetersizli\u011fi ortadan kald\u0131rmas\u0131, hastal\u0131\u011f\u0131n ilerlemesini \u00f6nlenme, egzersiz tolerans\u0131n\u0131n art\u0131r\u0131lmas\u0131, sa\u011fl\u0131k durumunun iyile\u015ftirilmesi, komplikasyonlar\u0131n \u00f6nlenmesi ve tedavisi, hastal\u0131k atak say\u0131s\u0131n\u0131n azalt\u0131lmas\u0131 ve atak \u015fiddetinin hafifletilmesi, ya\u015fam kalitesinin iyile\u015ftirilmesi, hastaneye ba\u015fvuru s\u0131kl\u0131\u011f\u0131 ve yat\u0131\u015f s\u00fcresinin azalt\u0131lmas\u0131 sonucunda sa\u011fl\u0131kla ili\u015fkili harcamalar\u0131n azalt\u0131lmas\u0131, sa\u011f kal\u0131mda art\u0131\u015f sa\u011flamas\u0131d\u0131r. Pulmoner rehabilitasyonun en \u00f6nemli ve temel bile\u015fen egzersiz e\u011fitimidir. Bireyin ihtiya\u00e7lar\u0131 do\u011frultusunda di\u011fer bile\u015fenler de hasta ve ailesinin e\u011fitimi, v\u00fccut kompozisyonunun de\u011ferlendirilmesi gerekli olgularda beslenme deste\u011fi, psikososyal destek, nefes darl\u0131\u011f\u0131 ile ba\u015f edebilme y\u00f6ntemleri, i\u015f-u\u011fra\u015f\u0131 tedavisi, enerji koruma y\u00f6ntemleri vb. pulmoner rehabilitasyon programlar\u0131nda yer almaktad\u0131r.&#8221; dedi.<br \/>\n<br \/>Pulmoner rehabilitasyon ile g\u00fcvenli \u015fekilde egzersiz yap\u0131labilece\u011fini belirten Uzm. Dr. Akdemir, &#8220;Nefes darl\u0131\u011f\u0131 olan kronik solunum sorunlu hastalar pulmoner rehabilitasyon programlar\u0131 ile g\u00fcvenli bir \u015fekilde egzersiz yapabilirler. Kronik akci\u011fer hastalar\u0131nda nefes darl\u0131\u011f\u0131 ve\/veya yorgunlu\u011fun neden oldu\u011fu g\u00fcnl\u00fck ya\u015famdaki hareketsizlik; kemik ve kas i\u00e7eri\u011finin, kalp ve akci\u011fer fonksiyonlar\u0131n\u0131n, hareket yetene\u011finin gittik\u00e7e azalmas\u0131na neden olur. Egzersiz ile kas kuvveti artar, kas dayan\u0131kl\u0131l\u0131\u011f\u0131 artarak daha uzun mesafeler y\u00fcr\u00fcnebilir, kas ve eklemler daha iyi hareket eder, gev\u015femeyi sa\u011flar, daha g\u00fc\u00e7l\u00fc ve enerjik hissedilir, kalbin \u00e7al\u0131\u015fmas\u0131 iyile\u015fir, nefes darl\u0131\u011f\u0131 azal\u0131r. Pulmoner rehabilitasyon program\u0131 en az 8 hafta (toplam 24 seans) s\u00fcre ile uygulanmal\u0131d\u0131r. Egzersiz e\u011fitimi b\u0131rak\u0131ld\u0131\u011f\u0131nda kazan\u0131mlar kaybedildi\u011fi i\u00e7in egzersiz al\u0131\u015fkanl\u0131\u011f\u0131n\u0131n devam ettirilmesi gerekmektedir.&#8221; ifadelerini kulland\u0131.<br \/><\/p>\n","protected":false},"excerpt":{"rendered":"<p>Manisa \u015eehir Hastanesi G\u00f6\u011f\u00fcs Hastal\u0131klar\u0131 Hekimi Uzm. Dr. Selim Erkan Akdemir, &#8220;Nefes darl\u0131\u011f\u0131 olan kronik solunum sorunlu hastalar pulmoner rehabilitasyon programlar\u0131 ile g\u00fcvenli bir \u015fekilde egzersiz yapabilirler&#8221; dedi. Manisa \u015eehir Hastanesi G\u00f6\u011f\u00fcs Hastal\u0131klar\u0131 Hekimi Uzm. Dr. Selim Erkan Akdemir Pulmoner Rehabilitasyon Haftas\u0131 kapsam\u0131nda bilgilendirmelerde bulundu. Pulmoner rehabilitasyonun nefes darl\u0131\u011f\u0131 ya\u015fayan hastalar i\u00e7in planlanan kapsaml\u0131 bir&#8230;<\/p>\n","protected":false},"author":1,"featured_media":93439,"comment_status":"open","ping_status":"open","sticky":false,"template":"","format":"standard","meta":{"_crdt_document":"","footnotes":""},"categories":[2],"tags":[],"class_list":["post-93438","post","type-post","status-publish","format-standard","has-post-thumbnail","hentry","category-saglik"],"_links":{"self":[{"href":"https:\/\/www.egemtv.com\/index.php?rest_route=\/wp\/v2\/posts\/93438","targetHints":{"allow":["GET"]}}],"collection":[{"href":"https:\/\/www.egemtv.com\/index.php?rest_route=\/wp\/v2\/posts"}],"about":[{"href":"https:\/\/www.egemtv.com\/index.php?rest_route=\/wp\/v2\/types\/post"}],"author":[{"embeddable":true,"href":"https:\/\/www.egemtv.com\/index.php?rest_route=\/wp\/v2\/users\/1"}],"replies":[{"embeddable":true,"href":"https:\/\/www.egemtv.com\/index.php?rest_route=%2Fwp%2Fv2%2Fcomments&post=93438"}],"version-history":[{"count":1,"href":"https:\/\/www.egemtv.com\/index.php?rest_route=\/wp\/v2\/posts\/93438\/revisions"}],"predecessor-version":[{"id":93440,"href":"https:\/\/www.egemtv.com\/index.php?rest_route=\/wp\/v2\/posts\/93438\/revisions\/93440"}],"wp:featuredmedia":[{"embeddable":true,"href":"https:\/\/www.egemtv.com\/index.php?rest_route=\/wp\/v2\/media\/93439"}],"wp:attachment":[{"href":"https:\/\/www.egemtv.com\/index.php?rest_route=%2Fwp%2Fv2%2Fmedia&parent=93438"}],"wp:term":[{"taxonomy":"category","embeddable":true,"href":"https:\/\/www.egemtv.com\/index.php?rest_route=%2Fwp%2Fv2%2Fcategories&post=93438"},{"taxonomy":"post_tag","embeddable":true,"href":"https:\/\/www.egemtv.com\/index.php?rest_route=%2Fwp%2Fv2%2Ftags&post=93438"}],"curies":[{"name":"wp","href":"https:\/\/api.w.org\/{rel}","templated":true}]}}