{"id":93435,"date":"2026-03-11T12:34:44","date_gmt":"2026-03-11T09:34:44","guid":{"rendered":"https:\/\/www.egemtv.com\/?p=93435"},"modified":"2026-03-11T12:34:45","modified_gmt":"2026-03-11T09:34:45","slug":"domanicte-kuran-i-kerimi-guzel-okuma-yarismasi-duzenlendi","status":"publish","type":"post","link":"https:\/\/www.egemtv.com\/?p=93435","title":{"rendered":"Domani\u00e7\u2019te Kur\u2019an-\u0131 Kerim\u2019i G\u00fczel Okuma Yar\u0131\u015fmas\u0131 d\u00fczenlendi"},"content":{"rendered":"<p>K\u00fctahya\u2019n\u0131n Domani\u00e7 il\u00e7esinde, &#8220;Maarifin Kalbinde Ramazan&#8221; etkinlikleri \u00e7er\u00e7evesinde Kur\u2019an-\u0131 Kerim\u2019i G\u00fczel Okuma Yar\u0131\u015fmas\u0131 d\u00fczenlendi.<br \/>\n<br \/>\u0130l\u00e7edeki ortaokullar aras\u0131nda ger\u00e7ekle\u015ftirilen yar\u0131\u015fma, k\u0131z ve erkek kategorilerinde \u00f6\u011frencilerin kat\u0131l\u0131m\u0131yla yap\u0131ld\u0131. Program, \u015eehit Muhammed Fatih Safit\u00fcrk \u0130mam Hatip Ortaokulunun katk\u0131lar\u0131yla anlaml\u0131 ve manevi bir atmosfer i\u00e7erisinde icra edildi. Yar\u0131\u015fmada il\u00e7edeki ortaokullar\u0131 temsilen kat\u0131lan \u00f6\u011frenciler Kur\u2019an-\u0131 Kerim tilavetlerini okuyarak dinleyenlere duygu dolu anlar ya\u015fatt\u0131.<br \/>\n<br \/>Milli E\u011fitim Bakanl\u0131\u011f\u0131 taraf\u0131ndan y\u00fcr\u00fct\u00fclen &#8220;Maarifin Kalbinde Ramazan&#8221; etkinlikleri kapsam\u0131nda ger\u00e7ekle\u015ftirilen programda, \u015eehit Muhammed Fatih Safit\u00fcrk \u0130mam Hatip Ortaokulu \u00f6\u011frencileri taraf\u0131ndan ilahiler seslendirildi.<br \/>\n<br \/>Program\u0131n sonunda, il genelinde d\u00fczenlenen Gen\u00e7 Bilaller Ezan Okuma Yar\u0131\u015fmas\u0131\u2019nda derece elde eden \u00f6\u011frencinin okudu\u011fu Ezan-\u0131 \u015eerif ile program sona erdi.<br \/>\n<br \/>Yar\u0131\u015fmaya kat\u0131lan \u00f6\u011frencilere hediyeleri kurum amirleri taraf\u0131ndan takdim edildi.<br \/><\/p>\n","protected":false},"excerpt":{"rendered":"<p>K\u00fctahya\u2019n\u0131n Domani\u00e7 il\u00e7esinde, &#8220;Maarifin Kalbinde Ramazan&#8221; etkinlikleri \u00e7er\u00e7evesinde Kur\u2019an-\u0131 Kerim\u2019i G\u00fczel Okuma Yar\u0131\u015fmas\u0131 d\u00fczenlendi. \u0130l\u00e7edeki ortaokullar aras\u0131nda ger\u00e7ekle\u015ftirilen yar\u0131\u015fma, k\u0131z ve erkek kategorilerinde \u00f6\u011frencilerin kat\u0131l\u0131m\u0131yla yap\u0131ld\u0131. Program, \u015eehit Muhammed Fatih Safit\u00fcrk \u0130mam Hatip Ortaokulunun katk\u0131lar\u0131yla anlaml\u0131 ve manevi bir atmosfer i\u00e7erisinde icra edildi. Yar\u0131\u015fmada il\u00e7edeki ortaokullar\u0131 temsilen kat\u0131lan \u00f6\u011frenciler Kur\u2019an-\u0131 Kerim tilavetlerini okuyarak dinleyenlere duygu&#8230;<\/p>\n","protected":false},"author":1,"featured_media":93436,"comment_status":"open","ping_status":"open","sticky":false,"template":"","format":"standard","meta":{"_crdt_document":"","footnotes":""},"categories":[123],"tags":[],"class_list":["post-93435","post","type-post","status-publish","format-standard","has-post-thumbnail","hentry","category-gundem"],"_links":{"self":[{"href":"https:\/\/www.egemtv.com\/index.php?rest_route=\/wp\/v2\/posts\/93435","targetHints":{"allow":["GET"]}}],"collection":[{"href":"https:\/\/www.egemtv.com\/index.php?rest_route=\/wp\/v2\/posts"}],"about":[{"href":"https:\/\/www.egemtv.com\/index.php?rest_route=\/wp\/v2\/types\/post"}],"author":[{"embeddable":true,"href":"https:\/\/www.egemtv.com\/index.php?rest_route=\/wp\/v2\/users\/1"}],"replies":[{"embeddable":true,"href":"https:\/\/www.egemtv.com\/index.php?rest_route=%2Fwp%2Fv2%2Fcomments&post=93435"}],"version-history":[{"count":1,"href":"https:\/\/www.egemtv.com\/index.php?rest_route=\/wp\/v2\/posts\/93435\/revisions"}],"predecessor-version":[{"id":93437,"href":"https:\/\/www.egemtv.com\/index.php?rest_route=\/wp\/v2\/posts\/93435\/revisions\/93437"}],"wp:featuredmedia":[{"embeddable":true,"href":"https:\/\/www.egemtv.com\/index.php?rest_route=\/wp\/v2\/media\/93436"}],"wp:attachment":[{"href":"https:\/\/www.egemtv.com\/index.php?rest_route=%2Fwp%2Fv2%2Fmedia&parent=93435"}],"wp:term":[{"taxonomy":"category","embeddable":true,"href":"https:\/\/www.egemtv.com\/index.php?rest_route=%2Fwp%2Fv2%2Fcategories&post=93435"},{"taxonomy":"post_tag","embeddable":true,"href":"https:\/\/www.egemtv.com\/index.php?rest_route=%2Fwp%2Fv2%2Ftags&post=93435"}],"curies":[{"name":"wp","href":"https:\/\/api.w.org\/{rel}","templated":true}]}}