{"id":93432,"date":"2026-03-11T12:34:42","date_gmt":"2026-03-11T09:34:42","guid":{"rendered":"https:\/\/www.egemtv.com\/?p=93432"},"modified":"2026-03-11T12:34:43","modified_gmt":"2026-03-11T09:34:43","slug":"gencler-cozumun-parcasi-olmak-istiyor","status":"publish","type":"post","link":"https:\/\/www.egemtv.com\/?p=93432","title":{"rendered":"Gen\u00e7ler \u00e7\u00f6z\u00fcm\u00fcn par\u00e7as\u0131 olmak istiyor"},"content":{"rendered":"<p>Ya\u015far \u00dcniversitesi \u00f6\u011frencilerinin s\u00fcrd\u00fcr\u00fclebilir kalk\u0131nma hedefleri do\u011frultusunda olu\u015fturdu\u011fu bin 552 dijital payla\u015f\u0131m\u0131 inceleyen ara\u015ft\u0131rma, gen\u00e7lerin gelece\u011fe y\u00f6nelik somut \u00e7\u00f6z\u00fcm \u00f6nerilerini ortaya koydu. Sosyal a\u011f analizi sonu\u00e7lar\u0131, iyi fikirlerin yay\u0131lmas\u0131nda i\u00e7eri\u011fin kalitesi kadar \u00f6\u011frencinin tart\u0131\u015fma a\u011f\u0131ndaki konumunun da kritik bir rol oynad\u0131\u011f\u0131n\u0131 g\u00f6sterdi.<br \/>\n<br \/>Ya\u015far \u00dcniversitesi Sosyal Sorumluluk dersi kapsam\u0131nda y\u00fcr\u00fct\u00fclen \u00e7al\u0131\u015fmada 514 \u00f6\u011frenci, Birle\u015fmi\u015f Milletler\u2019in s\u00fcrd\u00fcr\u00fclebilir kalk\u0131nma hedefleri do\u011frultusunda \u00e7evrimi\u00e7i forumlarda toplam 1.552 payla\u015f\u0131m yapt\u0131. En yo\u011fun kat\u0131l\u0131m, 641 payla\u015f\u0131m ile &#8220;Sorumlu T\u00fcketim ve \u00dcretim&#8221; ba\u015fl\u0131\u011f\u0131nda ger\u00e7ekle\u015fti. Yap\u0131lan ara\u015ft\u0131rman\u0131n sonu\u00e7lar\u0131  gen\u00e7lerin s\u00fcrd\u00fcr\u00fclebilir gelecek i\u00e7in geli\u015ftirdi\u011fi projeleri ortaya koyarken, iyi fikirlerin yay\u0131lmas\u0131nda yaln\u0131zca i\u00e7eri\u011fin de\u011fil, \u00f6\u011frencinin tart\u0131\u015fma a\u011f\u0131ndaki konumunun da belirleyici oldu\u011funu g\u00f6sterdi. Forumlarda su tasarrufundan g\u00fcne\u015f enerjisine, geri d\u00f6n\u00fc\u015f\u00fcmden denizlerin korunmas\u0131na kadar onlarca somut \u00e7\u00f6z\u00fcm \u00f6nerisi payla\u015f\u0131ld\u0131.<\/p>\n<p>5 k\u00fcresel hedef<br \/>\n<br \/>Ya\u015far \u00dcniversitesi Fen-Edebiyat Fak\u00fcltesi Dekan\u0131 Prof. Dr. Yasin \u00d6zarslan\u2019\u0131n yer ald\u0131\u011f\u0131 ara\u015ft\u0131rma ekibi taraf\u0131ndan ger\u00e7ekle\u015ftirilen \u00e7al\u0131\u015fma, \u00fcniversiteli gen\u00e7lerin  s\u00fcrd\u00fcr\u00fclebilir kalk\u0131nma hedeflerine y\u00f6nelik geli\u015ftirdi\u011fi fikirlerin \u00e7evrimi\u00e7i ortamlarda nas\u0131l yay\u0131ld\u0131\u011f\u0131n\u0131 ortaya koydu. Sosyal Sorumluluk dersi kapsam\u0131nda ger\u00e7ekle\u015ftirilen ara\u015ft\u0131rmada, 514 \u00f6\u011frencinin \u00e7evrimi\u00e7i forum payla\u015f\u0131mlar\u0131 sosyal a\u011f analizi ve metin analizi y\u00f6ntemleriyle incelendi. Ara\u015ft\u0131rma kapsam\u0131nda Birle\u015fmi\u015f Milletler\u2019in s\u00fcrd\u00fcr\u00fclebilir kalk\u0131nma hedefleri do\u011frultusunda be\u015f ana tema \u00fczerinde fikir geli\u015ftirdi: Temiz Su ve S\u0131hhi \u015eartlar, Eri\u015filebilir ve Temiz Enerji, Sorumlu T\u00fcketim ve \u00dcretim, Sudaki Ya\u015fam ve Karasal Ya\u015fam. Elde edilen forum verilerine g\u00f6re \u00f6\u011frenciler toplam 1.552 payla\u015f\u0131m ger\u00e7ekle\u015ftirdi. En fazla katk\u0131 641 payla\u015f\u0131mla &#8220;Sorumlu T\u00fcketim ve \u00dcretim&#8221; temas\u0131nda yap\u0131l\u0131rken, bunu Karasal Ya\u015fam (328), Sudaki Ya\u015fam (263), Temiz Su (162) ve Temiz Enerji (158) ba\u015fl\u0131klar\u0131 izledi.<\/p>\n<p>Gen\u00e7lerden \u00f6neriler<br \/>\n<br \/>\u00d6\u011frencilerin gelece\u011fe ili\u015fkin \u00e7arp\u0131c\u0131 de\u011ferlendirmelerinden baz\u0131lar\u0131 \u015f\u00f6yle:<br \/>\n<br \/>&#8220;Su, distopik bilim-kurgu eserlerinde bile gelece\u011fin en kritik kayna\u011f\u0131 olarak tasvir ediliyor.&#8221;<br \/>\n<br \/>&#8220;G\u00fcn\u00fcm\u00fczde kullan\u0131lan enerji kaynaklar\u0131n\u0131n b\u00fcy\u00fck bir k\u0131sm\u0131 do\u011faya zarar veriyor. Bu nedenle s\u00fcrd\u00fcr\u00fclebilir ve temiz enerjiye ge\u00e7i\u015f ka\u00e7\u0131n\u0131lmazd\u0131r.&#8221;<br \/>\n<br \/>&#8220;\u0130zmir denizi hepimizin sorumlulu\u011fu&#8221; diyen bir \u00f6\u011frenci &#8220;\u0130zmir denizi ve \u00e7evresinde insanlar\u0131n duyars\u0131z davran\u0131\u015flar\u0131 deniz ekosistemine ciddi zarar veriyor&#8221; s\u00f6zleriyle \u00e7evre bilincine dikkat \u00e7ekti. Bir ba\u015fka \u00f6\u011frenci, \u00fcretim al\u0131\u015fkanl\u0131klar\u0131n\u0131n de\u011fi\u015fmesi gerekti\u011fini belirterek, &#8220;T\u00fcketicilere hayvan bazl\u0131 proteine alternatif \u00fcr\u00fcnler sunulmas\u0131 \u00e7evresel etkileri azaltabilir&#8221; g\u00f6r\u00fc\u015f\u00fcn\u00fc payla\u015ft\u0131.  Kentle\u015fme konusunda ise \u015fu uyar\u0131 yap\u0131ld\u0131: &#8220;Bina, okul ve al\u0131\u015fveri\u015f merkezleri planlan\u0131rken do\u011faya verilen zarar mutlaka hesaba kat\u0131lmal\u0131.&#8221;<br \/><\/p>\n","protected":false},"excerpt":{"rendered":"<p>Ya\u015far \u00dcniversitesi \u00f6\u011frencilerinin s\u00fcrd\u00fcr\u00fclebilir kalk\u0131nma hedefleri do\u011frultusunda olu\u015fturdu\u011fu bin 552 dijital payla\u015f\u0131m\u0131 inceleyen ara\u015ft\u0131rma, gen\u00e7lerin gelece\u011fe y\u00f6nelik somut \u00e7\u00f6z\u00fcm \u00f6nerilerini ortaya koydu. Sosyal a\u011f analizi sonu\u00e7lar\u0131, iyi fikirlerin yay\u0131lmas\u0131nda i\u00e7eri\u011fin kalitesi kadar \u00f6\u011frencinin tart\u0131\u015fma a\u011f\u0131ndaki konumunun da kritik bir rol oynad\u0131\u011f\u0131n\u0131 g\u00f6sterdi. Ya\u015far \u00dcniversitesi Sosyal Sorumluluk dersi kapsam\u0131nda y\u00fcr\u00fct\u00fclen \u00e7al\u0131\u015fmada 514 \u00f6\u011frenci, Birle\u015fmi\u015f Milletler\u2019in s\u00fcrd\u00fcr\u00fclebilir&#8230;<\/p>\n","protected":false},"author":1,"featured_media":93433,"comment_status":"open","ping_status":"open","sticky":false,"template":"","format":"standard","meta":{"_crdt_document":"","footnotes":""},"categories":[1],"tags":[],"class_list":["post-93432","post","type-post","status-publish","format-standard","has-post-thumbnail","hentry","category-guncel"],"_links":{"self":[{"href":"https:\/\/www.egemtv.com\/index.php?rest_route=\/wp\/v2\/posts\/93432","targetHints":{"allow":["GET"]}}],"collection":[{"href":"https:\/\/www.egemtv.com\/index.php?rest_route=\/wp\/v2\/posts"}],"about":[{"href":"https:\/\/www.egemtv.com\/index.php?rest_route=\/wp\/v2\/types\/post"}],"author":[{"embeddable":true,"href":"https:\/\/www.egemtv.com\/index.php?rest_route=\/wp\/v2\/users\/1"}],"replies":[{"embeddable":true,"href":"https:\/\/www.egemtv.com\/index.php?rest_route=%2Fwp%2Fv2%2Fcomments&post=93432"}],"version-history":[{"count":1,"href":"https:\/\/www.egemtv.com\/index.php?rest_route=\/wp\/v2\/posts\/93432\/revisions"}],"predecessor-version":[{"id":93434,"href":"https:\/\/www.egemtv.com\/index.php?rest_route=\/wp\/v2\/posts\/93432\/revisions\/93434"}],"wp:featuredmedia":[{"embeddable":true,"href":"https:\/\/www.egemtv.com\/index.php?rest_route=\/wp\/v2\/media\/93433"}],"wp:attachment":[{"href":"https:\/\/www.egemtv.com\/index.php?rest_route=%2Fwp%2Fv2%2Fmedia&parent=93432"}],"wp:term":[{"taxonomy":"category","embeddable":true,"href":"https:\/\/www.egemtv.com\/index.php?rest_route=%2Fwp%2Fv2%2Fcategories&post=93432"},{"taxonomy":"post_tag","embeddable":true,"href":"https:\/\/www.egemtv.com\/index.php?rest_route=%2Fwp%2Fv2%2Ftags&post=93432"}],"curies":[{"name":"wp","href":"https:\/\/api.w.org\/{rel}","templated":true}]}}