{"id":93426,"date":"2026-03-11T11:35:03","date_gmt":"2026-03-11T08:35:03","guid":{"rendered":"https:\/\/www.egemtv.com\/?p=93426"},"modified":"2026-03-11T11:35:04","modified_gmt":"2026-03-11T08:35:04","slug":"hisarcik-kaymakami-erkan-atam-iftar-sofrasinda-ogrencilerle-bulustu","status":"publish","type":"post","link":"https:\/\/www.egemtv.com\/?p=93426","title":{"rendered":"Hisarc\u0131k Kaymakam\u0131 Erkan Atam, iftar sofras\u0131nda \u00f6\u011frencilerle bulu\u015ftu"},"content":{"rendered":"<p>K\u00fctahya\u2019n\u0131n Hisarc\u0131k Kaymakam\u0131 Erkan Atam, 15 Temmuz \u015eehitleri Anadolu Lisesi Pansiyonunda d\u00fczenlenen iftar program\u0131na kat\u0131larak \u00f6\u011frencilerle ayn\u0131 sofray\u0131 payla\u015ft\u0131.<br \/>\n<br \/>D\u00fczenlenen programa Hisarc\u0131k Belediye Ba\u015fkan\u0131 Mustafa Demirta\u015f, \u0130l\u00e7e Milli E\u011fitim M\u00fcd\u00fcr\u00fc Hasan Kilit\u00e7i, \u015eube M\u00fcd\u00fcr\u00fc Caner Tekin ile \u00f6\u011fretmenler de kat\u0131ld\u0131. Dualar e\u015fli\u011finde a\u00e7\u0131lan iftar sofras\u0131nda birlik ve beraberlik mesajlar\u0131 verildi.<br \/>\n<br \/>\u0130ftar\u0131n ard\u0131ndan \u00f6\u011frencilerle yak\u0131ndan ilgilenen Kaymakam Atam, gen\u00e7lerle samimi bir sohbet ger\u00e7ekle\u015ftirerek onlar\u0131n gelecek hedeflerini dinledi. Tecr\u00fcbelerini \u00f6\u011frencilerle payla\u015fan Atam, e\u011fitimin ve gen\u00e7li\u011fin \u00f6nemine vurgu yapt\u0131. Anlaml\u0131 bulu\u015fma, g\u00fcn\u00fcn an\u0131s\u0131na \u00e7ekilen hat\u0131ra foto\u011fraflar\u0131yla sona erdi.<br \/><\/p>\n","protected":false},"excerpt":{"rendered":"<p>K\u00fctahya\u2019n\u0131n Hisarc\u0131k Kaymakam\u0131 Erkan Atam, 15 Temmuz \u015eehitleri Anadolu Lisesi Pansiyonunda d\u00fczenlenen iftar program\u0131na kat\u0131larak \u00f6\u011frencilerle ayn\u0131 sofray\u0131 payla\u015ft\u0131. D\u00fczenlenen programa Hisarc\u0131k Belediye Ba\u015fkan\u0131 Mustafa Demirta\u015f, \u0130l\u00e7e Milli E\u011fitim M\u00fcd\u00fcr\u00fc Hasan Kilit\u00e7i, \u015eube M\u00fcd\u00fcr\u00fc Caner Tekin ile \u00f6\u011fretmenler de kat\u0131ld\u0131. Dualar e\u015fli\u011finde a\u00e7\u0131lan iftar sofras\u0131nda birlik ve beraberlik mesajlar\u0131 verildi. \u0130ftar\u0131n ard\u0131ndan \u00f6\u011frencilerle yak\u0131ndan ilgilenen&#8230;<\/p>\n","protected":false},"author":1,"featured_media":93427,"comment_status":"open","ping_status":"open","sticky":false,"template":"","format":"standard","meta":{"_crdt_document":"","footnotes":""},"categories":[123],"tags":[],"class_list":["post-93426","post","type-post","status-publish","format-standard","has-post-thumbnail","hentry","category-gundem"],"_links":{"self":[{"href":"https:\/\/www.egemtv.com\/index.php?rest_route=\/wp\/v2\/posts\/93426","targetHints":{"allow":["GET"]}}],"collection":[{"href":"https:\/\/www.egemtv.com\/index.php?rest_route=\/wp\/v2\/posts"}],"about":[{"href":"https:\/\/www.egemtv.com\/index.php?rest_route=\/wp\/v2\/types\/post"}],"author":[{"embeddable":true,"href":"https:\/\/www.egemtv.com\/index.php?rest_route=\/wp\/v2\/users\/1"}],"replies":[{"embeddable":true,"href":"https:\/\/www.egemtv.com\/index.php?rest_route=%2Fwp%2Fv2%2Fcomments&post=93426"}],"version-history":[{"count":1,"href":"https:\/\/www.egemtv.com\/index.php?rest_route=\/wp\/v2\/posts\/93426\/revisions"}],"predecessor-version":[{"id":93428,"href":"https:\/\/www.egemtv.com\/index.php?rest_route=\/wp\/v2\/posts\/93426\/revisions\/93428"}],"wp:featuredmedia":[{"embeddable":true,"href":"https:\/\/www.egemtv.com\/index.php?rest_route=\/wp\/v2\/media\/93427"}],"wp:attachment":[{"href":"https:\/\/www.egemtv.com\/index.php?rest_route=%2Fwp%2Fv2%2Fmedia&parent=93426"}],"wp:term":[{"taxonomy":"category","embeddable":true,"href":"https:\/\/www.egemtv.com\/index.php?rest_route=%2Fwp%2Fv2%2Fcategories&post=93426"},{"taxonomy":"post_tag","embeddable":true,"href":"https:\/\/www.egemtv.com\/index.php?rest_route=%2Fwp%2Fv2%2Ftags&post=93426"}],"curies":[{"name":"wp","href":"https:\/\/api.w.org\/{rel}","templated":true}]}}