{"id":93423,"date":"2026-03-11T11:35:01","date_gmt":"2026-03-11T08:35:01","guid":{"rendered":"https:\/\/www.egemtv.com\/?p=93423"},"modified":"2026-03-11T11:35:03","modified_gmt":"2026-03-11T08:35:03","slug":"gedizde-minik-eller-tohum-dikti","status":"publish","type":"post","link":"https:\/\/www.egemtv.com\/?p=93423","title":{"rendered":"Gediz\u2019de minik eller tohum dikti"},"content":{"rendered":"<p>K\u00fctahya Orman B\u00f6lge M\u00fcd\u00fcrl\u00fc\u011f\u00fcne ba\u011fl\u0131 Gediz Orman \u0130\u015fletme M\u00fcd\u00fcrl\u00fc\u011f\u00fc \u00c7ukur\u00f6ren Orman \u0130\u015fletme \u015eefli\u011fi taraf\u0131ndan, Gediz il\u00e7esinde bulunan Haymeana Anaokulu \u00f6\u011frencileriyle birlikte &#8220;Ye\u015fil Vatan Benim Okulum Gelece\u011fe \u00c7are Faaliyetleri&#8221; kapsam\u0131nda kara\u00e7am tohumu dikimi etkinli\u011fi ger\u00e7ekle\u015ftirildi.<br \/>\n<br \/>Etkinlikte minik \u00f6\u011frenciler, \u00f6\u011fretmenleri ve orman te\u015fkilat\u0131 personeli e\u015fli\u011finde tohumlar\u0131 toprakla bulu\u015ftururken, do\u011fay\u0131 koruman\u0131n \u00f6nemi hakk\u0131nda da bilgilendirildi. Program kapsam\u0131nda \u00f6\u011frencilere ormanlar\u0131n insan ve \u00e7evre hayat\u0131ndaki yeri, orman dostu olman\u0131n gereklili\u011fi ve orman yang\u0131nlar\u0131na kar\u015f\u0131 al\u0131nmas\u0131 gereken \u00f6nlemler anlat\u0131ld\u0131.<br \/>\n<br \/>Yetkililer, k\u00fc\u00e7\u00fck ya\u015fta verilen \u00e7evre ve do\u011fa bilincinin gelece\u011fin daha ye\u015fil bir d\u00fcnya olmas\u0131na katk\u0131 sa\u011flayaca\u011f\u0131n\u0131 belirterek benzer etkinliklerin devam edece\u011fini ifade etti<br \/><\/p>\n","protected":false},"excerpt":{"rendered":"<p>K\u00fctahya Orman B\u00f6lge M\u00fcd\u00fcrl\u00fc\u011f\u00fcne ba\u011fl\u0131 Gediz Orman \u0130\u015fletme M\u00fcd\u00fcrl\u00fc\u011f\u00fc \u00c7ukur\u00f6ren Orman \u0130\u015fletme \u015eefli\u011fi taraf\u0131ndan, Gediz il\u00e7esinde bulunan Haymeana Anaokulu \u00f6\u011frencileriyle birlikte &#8220;Ye\u015fil Vatan Benim Okulum Gelece\u011fe \u00c7are Faaliyetleri&#8221; kapsam\u0131nda kara\u00e7am tohumu dikimi etkinli\u011fi ger\u00e7ekle\u015ftirildi. Etkinlikte minik \u00f6\u011frenciler, \u00f6\u011fretmenleri ve orman te\u015fkilat\u0131 personeli e\u015fli\u011finde tohumlar\u0131 toprakla bulu\u015ftururken, do\u011fay\u0131 koruman\u0131n \u00f6nemi hakk\u0131nda da bilgilendirildi. Program kapsam\u0131nda \u00f6\u011frencilere&#8230;<\/p>\n","protected":false},"author":1,"featured_media":93424,"comment_status":"open","ping_status":"open","sticky":false,"template":"","format":"standard","meta":{"_crdt_document":"","footnotes":""},"categories":[1],"tags":[],"class_list":["post-93423","post","type-post","status-publish","format-standard","has-post-thumbnail","hentry","category-guncel"],"_links":{"self":[{"href":"https:\/\/www.egemtv.com\/index.php?rest_route=\/wp\/v2\/posts\/93423","targetHints":{"allow":["GET"]}}],"collection":[{"href":"https:\/\/www.egemtv.com\/index.php?rest_route=\/wp\/v2\/posts"}],"about":[{"href":"https:\/\/www.egemtv.com\/index.php?rest_route=\/wp\/v2\/types\/post"}],"author":[{"embeddable":true,"href":"https:\/\/www.egemtv.com\/index.php?rest_route=\/wp\/v2\/users\/1"}],"replies":[{"embeddable":true,"href":"https:\/\/www.egemtv.com\/index.php?rest_route=%2Fwp%2Fv2%2Fcomments&post=93423"}],"version-history":[{"count":1,"href":"https:\/\/www.egemtv.com\/index.php?rest_route=\/wp\/v2\/posts\/93423\/revisions"}],"predecessor-version":[{"id":93425,"href":"https:\/\/www.egemtv.com\/index.php?rest_route=\/wp\/v2\/posts\/93423\/revisions\/93425"}],"wp:featuredmedia":[{"embeddable":true,"href":"https:\/\/www.egemtv.com\/index.php?rest_route=\/wp\/v2\/media\/93424"}],"wp:attachment":[{"href":"https:\/\/www.egemtv.com\/index.php?rest_route=%2Fwp%2Fv2%2Fmedia&parent=93423"}],"wp:term":[{"taxonomy":"category","embeddable":true,"href":"https:\/\/www.egemtv.com\/index.php?rest_route=%2Fwp%2Fv2%2Fcategories&post=93423"},{"taxonomy":"post_tag","embeddable":true,"href":"https:\/\/www.egemtv.com\/index.php?rest_route=%2Fwp%2Fv2%2Ftags&post=93423"}],"curies":[{"name":"wp","href":"https:\/\/api.w.org\/{rel}","templated":true}]}}