{"id":93420,"date":"2026-03-11T11:34:59","date_gmt":"2026-03-11T08:34:59","guid":{"rendered":"https:\/\/www.egemtv.com\/?p=93420"},"modified":"2026-03-11T11:35:00","modified_gmt":"2026-03-11T08:35:00","slug":"dumlupinar-kaymakami-teltik-iftar-bereketini-universite-ogrencileriyle-paylasti","status":"publish","type":"post","link":"https:\/\/www.egemtv.com\/?p=93420","title":{"rendered":"Dumlup\u0131nar Kaymakam\u0131 Teltik, iftar bereketini \u00fcniversite \u00f6\u011frencileriyle payla\u015ft\u0131"},"content":{"rendered":"<p>K\u00fctahya\u2019n\u0131n Dumlup\u0131nar il\u00e7esi Kaymakam\u0131 Alperen Teltik, \u0130l\u00e7e M\u00fcft\u00fcl\u00fc\u011f\u00fc taraf\u0131ndan d\u00fczenlenen iftar program\u0131nda \u00fcniversite \u00f6\u011frencileriyle bir araya geldi.<br \/>\n<br \/>\u0130ftar program\u0131na Kaymakam Alperen Teltik ve e\u015fi Sedanur Teltik\u2019in yan\u0131 s\u0131ra \u0130l M\u00fcft\u00fcs\u00fc \u0130rfan A\u00e7\u0131k, Aslanapa \u0130l\u00e7e M\u00fcft\u00fcs\u00fc Mustafa \u00d6zt\u00fcrk, \u0130l\u00e7e M\u00fcft\u00fcs\u00fc Abd\u00fclmetin Yal\u00e7\u0131n ve \u0130l\u00e7e Milli E\u011fitim M\u00fcd\u00fcr\u00fc kat\u0131ld\u0131.<br \/>\n<br \/>Programda \u00f6\u011frencilerle yak\u0131ndan ilgilenen Kaymakam Teltik, gen\u00e7lerle sohbet ederek Ramazan ay\u0131n\u0131n birlik, beraberlik ve dayan\u0131\u015fma ruhunu peki\u015ftirdi\u011fini ifade etti.<br \/>\n<br \/>Program\u0131n d\u00fczenlenmesinde eme\u011fi ge\u00e7enlere te\u015fekk\u00fcr eden Teltik, t\u00fcm kat\u0131l\u0131mc\u0131lar\u0131n Ramazan ay\u0131n\u0131 tebrik etti.<br \/><\/p>\n","protected":false},"excerpt":{"rendered":"<p>K\u00fctahya\u2019n\u0131n Dumlup\u0131nar il\u00e7esi Kaymakam\u0131 Alperen Teltik, \u0130l\u00e7e M\u00fcft\u00fcl\u00fc\u011f\u00fc taraf\u0131ndan d\u00fczenlenen iftar program\u0131nda \u00fcniversite \u00f6\u011frencileriyle bir araya geldi. \u0130ftar program\u0131na Kaymakam Alperen Teltik ve e\u015fi Sedanur Teltik\u2019in yan\u0131 s\u0131ra \u0130l M\u00fcft\u00fcs\u00fc \u0130rfan A\u00e7\u0131k, Aslanapa \u0130l\u00e7e M\u00fcft\u00fcs\u00fc Mustafa \u00d6zt\u00fcrk, \u0130l\u00e7e M\u00fcft\u00fcs\u00fc Abd\u00fclmetin Yal\u00e7\u0131n ve \u0130l\u00e7e Milli E\u011fitim M\u00fcd\u00fcr\u00fc kat\u0131ld\u0131. Programda \u00f6\u011frencilerle yak\u0131ndan ilgilenen Kaymakam Teltik, gen\u00e7lerle sohbet&#8230;<\/p>\n","protected":false},"author":1,"featured_media":93421,"comment_status":"open","ping_status":"open","sticky":false,"template":"","format":"standard","meta":{"_crdt_document":"","footnotes":""},"categories":[123],"tags":[],"class_list":["post-93420","post","type-post","status-publish","format-standard","has-post-thumbnail","hentry","category-gundem"],"_links":{"self":[{"href":"https:\/\/www.egemtv.com\/index.php?rest_route=\/wp\/v2\/posts\/93420","targetHints":{"allow":["GET"]}}],"collection":[{"href":"https:\/\/www.egemtv.com\/index.php?rest_route=\/wp\/v2\/posts"}],"about":[{"href":"https:\/\/www.egemtv.com\/index.php?rest_route=\/wp\/v2\/types\/post"}],"author":[{"embeddable":true,"href":"https:\/\/www.egemtv.com\/index.php?rest_route=\/wp\/v2\/users\/1"}],"replies":[{"embeddable":true,"href":"https:\/\/www.egemtv.com\/index.php?rest_route=%2Fwp%2Fv2%2Fcomments&post=93420"}],"version-history":[{"count":1,"href":"https:\/\/www.egemtv.com\/index.php?rest_route=\/wp\/v2\/posts\/93420\/revisions"}],"predecessor-version":[{"id":93422,"href":"https:\/\/www.egemtv.com\/index.php?rest_route=\/wp\/v2\/posts\/93420\/revisions\/93422"}],"wp:featuredmedia":[{"embeddable":true,"href":"https:\/\/www.egemtv.com\/index.php?rest_route=\/wp\/v2\/media\/93421"}],"wp:attachment":[{"href":"https:\/\/www.egemtv.com\/index.php?rest_route=%2Fwp%2Fv2%2Fmedia&parent=93420"}],"wp:term":[{"taxonomy":"category","embeddable":true,"href":"https:\/\/www.egemtv.com\/index.php?rest_route=%2Fwp%2Fv2%2Fcategories&post=93420"},{"taxonomy":"post_tag","embeddable":true,"href":"https:\/\/www.egemtv.com\/index.php?rest_route=%2Fwp%2Fv2%2Ftags&post=93420"}],"curies":[{"name":"wp","href":"https:\/\/api.w.org\/{rel}","templated":true}]}}