{"id":93417,"date":"2026-03-11T11:34:58","date_gmt":"2026-03-11T08:34:58","guid":{"rendered":"https:\/\/www.egemtv.com\/?p=93417"},"modified":"2026-03-11T11:34:59","modified_gmt":"2026-03-11T08:34:59","slug":"aslanapa-kaymakami-tosun-emniyet-ve-jandarma-personeliyle-iftar-programinda-bulustu","status":"publish","type":"post","link":"https:\/\/www.egemtv.com\/?p=93417","title":{"rendered":"Aslanapa Kaymakam\u0131 Tosun, emniyet ve jandarma personeliyle iftar program\u0131nda bulu\u015ftu"},"content":{"rendered":"<p>K\u00fctahya\u2019n\u0131n Aslanapa il\u00e7esinde Kaymakam \u0130smail Tosun, d\u00fczenlenen iftar program\u0131nda emniyet ve jandarma personeliyle bir araya geldi.<br \/>\n<br \/>Ramazan ay\u0131n\u0131n birlik, beraberlik ve dayan\u0131\u015fma ruhunun ya\u015fat\u0131ld\u0131\u011f\u0131 iftar program\u0131na Kaymakam Tosun\u2019un yan\u0131 s\u0131ra Belediye Ba\u015fkan\u0131 Necati Kulik, \u0130l\u00e7e Jandarma Komutan\u0131 Jandarma \u00dcste\u011fmen U\u011fur Gedek, \u0130l\u00e7e Emniyet Amiri Volkan Y\u00f6nden ile emniyet ve jandarma personeli kat\u0131ld\u0131.<br \/>\n<br \/>Programda konu\u015fan Kaymakam \u0130smail Tosun, milletin huzur ve g\u00fcvenli\u011fi i\u00e7in gece g\u00fcnd\u00fcz demeden fedak\u00e2rca g\u00f6rev yapan emniyet ve jandarma te\u015fkilat\u0131na te\u015fekk\u00fcr ederek, g\u00f6revlerinde ba\u015far\u0131lar diledi. Tosun, g\u00fcvenlik g\u00fc\u00e7lerinin \u00f6zverili \u00e7al\u0131\u015fmalar\u0131n\u0131n toplumun huzur ve g\u00fcven ortam\u0131n\u0131n sa\u011flanmas\u0131nda b\u00fcy\u00fck \u00f6nem ta\u015f\u0131d\u0131\u011f\u0131n\u0131 ifade etti.<br \/>\n<br \/>\u0130ftar program\u0131, yap\u0131lan sohbet ve iyi dilek temennilerinin ard\u0131ndan sona erdi.<br \/><\/p>\n","protected":false},"excerpt":{"rendered":"<p>K\u00fctahya\u2019n\u0131n Aslanapa il\u00e7esinde Kaymakam \u0130smail Tosun, d\u00fczenlenen iftar program\u0131nda emniyet ve jandarma personeliyle bir araya geldi. Ramazan ay\u0131n\u0131n birlik, beraberlik ve dayan\u0131\u015fma ruhunun ya\u015fat\u0131ld\u0131\u011f\u0131 iftar program\u0131na Kaymakam Tosun\u2019un yan\u0131 s\u0131ra Belediye Ba\u015fkan\u0131 Necati Kulik, \u0130l\u00e7e Jandarma Komutan\u0131 Jandarma \u00dcste\u011fmen U\u011fur Gedek, \u0130l\u00e7e Emniyet Amiri Volkan Y\u00f6nden ile emniyet ve jandarma personeli kat\u0131ld\u0131. Programda konu\u015fan Kaymakam&#8230;<\/p>\n","protected":false},"author":1,"featured_media":93418,"comment_status":"open","ping_status":"open","sticky":false,"template":"","format":"standard","meta":{"_crdt_document":"","footnotes":""},"categories":[123],"tags":[],"class_list":["post-93417","post","type-post","status-publish","format-standard","has-post-thumbnail","hentry","category-gundem"],"_links":{"self":[{"href":"https:\/\/www.egemtv.com\/index.php?rest_route=\/wp\/v2\/posts\/93417","targetHints":{"allow":["GET"]}}],"collection":[{"href":"https:\/\/www.egemtv.com\/index.php?rest_route=\/wp\/v2\/posts"}],"about":[{"href":"https:\/\/www.egemtv.com\/index.php?rest_route=\/wp\/v2\/types\/post"}],"author":[{"embeddable":true,"href":"https:\/\/www.egemtv.com\/index.php?rest_route=\/wp\/v2\/users\/1"}],"replies":[{"embeddable":true,"href":"https:\/\/www.egemtv.com\/index.php?rest_route=%2Fwp%2Fv2%2Fcomments&post=93417"}],"version-history":[{"count":1,"href":"https:\/\/www.egemtv.com\/index.php?rest_route=\/wp\/v2\/posts\/93417\/revisions"}],"predecessor-version":[{"id":93419,"href":"https:\/\/www.egemtv.com\/index.php?rest_route=\/wp\/v2\/posts\/93417\/revisions\/93419"}],"wp:featuredmedia":[{"embeddable":true,"href":"https:\/\/www.egemtv.com\/index.php?rest_route=\/wp\/v2\/media\/93418"}],"wp:attachment":[{"href":"https:\/\/www.egemtv.com\/index.php?rest_route=%2Fwp%2Fv2%2Fmedia&parent=93417"}],"wp:term":[{"taxonomy":"category","embeddable":true,"href":"https:\/\/www.egemtv.com\/index.php?rest_route=%2Fwp%2Fv2%2Fcategories&post=93417"},{"taxonomy":"post_tag","embeddable":true,"href":"https:\/\/www.egemtv.com\/index.php?rest_route=%2Fwp%2Fv2%2Ftags&post=93417"}],"curies":[{"name":"wp","href":"https:\/\/api.w.org\/{rel}","templated":true}]}}