{"id":93414,"date":"2026-03-11T11:34:56","date_gmt":"2026-03-11T08:34:56","guid":{"rendered":"https:\/\/www.egemtv.com\/?p=93414"},"modified":"2026-03-11T11:34:58","modified_gmt":"2026-03-11T08:34:58","slug":"cavdarhisarda-maarifin-kalbinde-ramazan-etkinlikleri","status":"publish","type":"post","link":"https:\/\/www.egemtv.com\/?p=93414","title":{"rendered":"\u00c7avdarhisar\u2019da &#8220;Maarifin Kalbinde Ramazan&#8221; etkinlikleri"},"content":{"rendered":"<p>K\u00fctahya\u2019n\u0131n \u00c7avdarhisar il\u00e7esinde, \u00c7avdarhisar \u0130mam-Hatip Ortaokulu taraf\u0131ndan d\u00fczenlenen &#8220;Maarifin Kalbinde Ramazan&#8221; etkinlikleri, \u00f6\u011frenci, \u00f6\u011fretmen ve velilerin yo\u011fun kat\u0131l\u0131m\u0131yla ger\u00e7ekle\u015ftirildi.<br \/>\n<br \/>Programa Kaymakam Murat Ak, Belediye Ba\u015fkan\u0131 Halil \u0130brahim Topba\u015f, \u0130l Genel Meclis \u00dcyesi Halil G\u00fcnay, \u0130l Milli E\u011fitim M\u00fcd\u00fcr\u00fc Mustafa Y\u0131lmaz ve ilgili daire amirleri kat\u0131ld\u0131.<br \/>\n<br \/>Program kapsam\u0131nda \u00f6\u011frenciler taraf\u0131ndan okunan \u015fiirler, ilahi korosu ve \u00e7e\u015fitli g\u00f6steriler kat\u0131l\u0131mc\u0131lar taraf\u0131ndan b\u00fcy\u00fck be\u011feni toplad\u0131.<br \/>\n<br \/>Kaymakam Ak, program\u0131n haz\u0131rlanmas\u0131nda eme\u011fi ge\u00e7en \u00f6\u011fretmen ve \u00f6\u011frencilere te\u015fekk\u00fcr ederek, Ramazan ay\u0131n\u0131n birlik, beraberlik ve payla\u015fma duygular\u0131n\u0131 peki\u015ftiren bu t\u00fcr etkinliklerin \u00f6nemine vurgu yapt\u0131.<br \/><\/p>\n","protected":false},"excerpt":{"rendered":"<p>K\u00fctahya\u2019n\u0131n \u00c7avdarhisar il\u00e7esinde, \u00c7avdarhisar \u0130mam-Hatip Ortaokulu taraf\u0131ndan d\u00fczenlenen &#8220;Maarifin Kalbinde Ramazan&#8221; etkinlikleri, \u00f6\u011frenci, \u00f6\u011fretmen ve velilerin yo\u011fun kat\u0131l\u0131m\u0131yla ger\u00e7ekle\u015ftirildi. Programa Kaymakam Murat Ak, Belediye Ba\u015fkan\u0131 Halil \u0130brahim Topba\u015f, \u0130l Genel Meclis \u00dcyesi Halil G\u00fcnay, \u0130l Milli E\u011fitim M\u00fcd\u00fcr\u00fc Mustafa Y\u0131lmaz ve ilgili daire amirleri kat\u0131ld\u0131. Program kapsam\u0131nda \u00f6\u011frenciler taraf\u0131ndan okunan \u015fiirler, ilahi korosu ve \u00e7e\u015fitli&#8230;<\/p>\n","protected":false},"author":1,"featured_media":93415,"comment_status":"open","ping_status":"open","sticky":false,"template":"","format":"standard","meta":{"_crdt_document":"","footnotes":""},"categories":[1],"tags":[],"class_list":["post-93414","post","type-post","status-publish","format-standard","has-post-thumbnail","hentry","category-guncel"],"_links":{"self":[{"href":"https:\/\/www.egemtv.com\/index.php?rest_route=\/wp\/v2\/posts\/93414","targetHints":{"allow":["GET"]}}],"collection":[{"href":"https:\/\/www.egemtv.com\/index.php?rest_route=\/wp\/v2\/posts"}],"about":[{"href":"https:\/\/www.egemtv.com\/index.php?rest_route=\/wp\/v2\/types\/post"}],"author":[{"embeddable":true,"href":"https:\/\/www.egemtv.com\/index.php?rest_route=\/wp\/v2\/users\/1"}],"replies":[{"embeddable":true,"href":"https:\/\/www.egemtv.com\/index.php?rest_route=%2Fwp%2Fv2%2Fcomments&post=93414"}],"version-history":[{"count":1,"href":"https:\/\/www.egemtv.com\/index.php?rest_route=\/wp\/v2\/posts\/93414\/revisions"}],"predecessor-version":[{"id":93416,"href":"https:\/\/www.egemtv.com\/index.php?rest_route=\/wp\/v2\/posts\/93414\/revisions\/93416"}],"wp:featuredmedia":[{"embeddable":true,"href":"https:\/\/www.egemtv.com\/index.php?rest_route=\/wp\/v2\/media\/93415"}],"wp:attachment":[{"href":"https:\/\/www.egemtv.com\/index.php?rest_route=%2Fwp%2Fv2%2Fmedia&parent=93414"}],"wp:term":[{"taxonomy":"category","embeddable":true,"href":"https:\/\/www.egemtv.com\/index.php?rest_route=%2Fwp%2Fv2%2Fcategories&post=93414"},{"taxonomy":"post_tag","embeddable":true,"href":"https:\/\/www.egemtv.com\/index.php?rest_route=%2Fwp%2Fv2%2Ftags&post=93414"}],"curies":[{"name":"wp","href":"https:\/\/api.w.org\/{rel}","templated":true}]}}