{"id":93411,"date":"2026-03-11T11:34:55","date_gmt":"2026-03-11T08:34:55","guid":{"rendered":"https:\/\/www.egemtv.com\/?p=93411"},"modified":"2026-03-11T11:34:56","modified_gmt":"2026-03-11T08:34:56","slug":"kutahyada-kadin-dostu-kent-soylesisine-ilgi","status":"publish","type":"post","link":"https:\/\/www.egemtv.com\/?p=93411","title":{"rendered":"K\u00fctahya\u2019da &#8220;Kad\u0131n Dostu Kent&#8221; s\u00f6yle\u015fisine ilgi"},"content":{"rendered":"<p>K\u00fctahya Belediyesi ile K\u00fctahya Kent Konseyi i\u015f birli\u011finde d\u00fczenlenen &#8220;Planlamada Yeni Yakla\u015f\u0131mlar ve Kad\u0131n Dostu Kent&#8221; s\u00f6yle\u015fisi, K\u00fctahya Belediye Ba\u015fkan\u0131 Ey\u00fcp Kahveci\u2019nin kat\u0131l\u0131m\u0131yla ger\u00e7ekle\u015ftirildi.<br \/>\n<br \/>\u015eehir ve B\u00f6lge Planc\u0131s\u0131 Dr. \u00dcmit \u00d6zcan\u2019\u0131n konu\u015fmac\u0131 olarak yer ald\u0131\u011f\u0131 programda, kent planlamas\u0131nda kad\u0131n odakl\u0131 yakla\u015f\u0131mlar ve kad\u0131n dostu \u015fehir anlay\u0131\u015f\u0131 ele al\u0131nd\u0131. Vatanda\u015flar ve belediye personeli, \u015fehirlerin kad\u0131nlar\u0131n ihtiya\u00e7lar\u0131 g\u00f6zetilerek planlanmas\u0131n\u0131n \u00f6nemine ili\u015fkin de\u011ferlendirmeleri ilgiyle takip etti.<br \/>\n<br \/>Programda konu\u015fan Belediye Ba\u015fkan\u0131 Kahveci, \u015fehirlerin ger\u00e7ek anlamda ya\u015fanabilir olmas\u0131n\u0131n kad\u0131nlar\u0131n kendilerini g\u00fcvende hissetti\u011fi bir kent ortam\u0131n\u0131n olu\u015fturulmas\u0131yla m\u00fcmk\u00fcn oldu\u011funu vurgulad\u0131. Kahveci ayr\u0131ca, Mustafa Kemal Atat\u00fcrk\u2019\u00fcn &#8220;D\u00fcnya y\u00fcz\u00fcnde g\u00f6rd\u00fc\u011f\u00fcm\u00fcz her \u015fey kad\u0131n\u0131n eseridir&#8221; s\u00f6z\u00fcn\u00fc hat\u0131rlatarak kad\u0131nlar\u0131n toplumun en g\u00fc\u00e7l\u00fc yap\u0131 ta\u015flar\u0131ndan biri oldu\u011funu ifade etti.<br \/>\n<br \/>S\u00f6yle\u015fi, kat\u0131l\u0131mc\u0131lar\u0131n sorular\u0131n\u0131n yan\u0131tlanmas\u0131n\u0131n ard\u0131ndan kad\u0131nlara \u00e7i\u00e7ek takdim edilmesiyle sona erdi.<br \/><\/p>\n","protected":false},"excerpt":{"rendered":"<p>K\u00fctahya Belediyesi ile K\u00fctahya Kent Konseyi i\u015f birli\u011finde d\u00fczenlenen &#8220;Planlamada Yeni Yakla\u015f\u0131mlar ve Kad\u0131n Dostu Kent&#8221; s\u00f6yle\u015fisi, K\u00fctahya Belediye Ba\u015fkan\u0131 Ey\u00fcp Kahveci\u2019nin kat\u0131l\u0131m\u0131yla ger\u00e7ekle\u015ftirildi. \u015eehir ve B\u00f6lge Planc\u0131s\u0131 Dr. \u00dcmit \u00d6zcan\u2019\u0131n konu\u015fmac\u0131 olarak yer ald\u0131\u011f\u0131 programda, kent planlamas\u0131nda kad\u0131n odakl\u0131 yakla\u015f\u0131mlar ve kad\u0131n dostu \u015fehir anlay\u0131\u015f\u0131 ele al\u0131nd\u0131. Vatanda\u015flar ve belediye personeli, \u015fehirlerin kad\u0131nlar\u0131n ihtiya\u00e7lar\u0131&#8230;<\/p>\n","protected":false},"author":1,"featured_media":93412,"comment_status":"open","ping_status":"open","sticky":false,"template":"","format":"standard","meta":{"_crdt_document":"","footnotes":""},"categories":[123],"tags":[],"class_list":["post-93411","post","type-post","status-publish","format-standard","has-post-thumbnail","hentry","category-gundem"],"_links":{"self":[{"href":"https:\/\/www.egemtv.com\/index.php?rest_route=\/wp\/v2\/posts\/93411","targetHints":{"allow":["GET"]}}],"collection":[{"href":"https:\/\/www.egemtv.com\/index.php?rest_route=\/wp\/v2\/posts"}],"about":[{"href":"https:\/\/www.egemtv.com\/index.php?rest_route=\/wp\/v2\/types\/post"}],"author":[{"embeddable":true,"href":"https:\/\/www.egemtv.com\/index.php?rest_route=\/wp\/v2\/users\/1"}],"replies":[{"embeddable":true,"href":"https:\/\/www.egemtv.com\/index.php?rest_route=%2Fwp%2Fv2%2Fcomments&post=93411"}],"version-history":[{"count":1,"href":"https:\/\/www.egemtv.com\/index.php?rest_route=\/wp\/v2\/posts\/93411\/revisions"}],"predecessor-version":[{"id":93413,"href":"https:\/\/www.egemtv.com\/index.php?rest_route=\/wp\/v2\/posts\/93411\/revisions\/93413"}],"wp:featuredmedia":[{"embeddable":true,"href":"https:\/\/www.egemtv.com\/index.php?rest_route=\/wp\/v2\/media\/93412"}],"wp:attachment":[{"href":"https:\/\/www.egemtv.com\/index.php?rest_route=%2Fwp%2Fv2%2Fmedia&parent=93411"}],"wp:term":[{"taxonomy":"category","embeddable":true,"href":"https:\/\/www.egemtv.com\/index.php?rest_route=%2Fwp%2Fv2%2Fcategories&post=93411"},{"taxonomy":"post_tag","embeddable":true,"href":"https:\/\/www.egemtv.com\/index.php?rest_route=%2Fwp%2Fv2%2Ftags&post=93411"}],"curies":[{"name":"wp","href":"https:\/\/api.w.org\/{rel}","templated":true}]}}