{"id":93408,"date":"2026-03-11T11:15:01","date_gmt":"2026-03-11T08:15:01","guid":{"rendered":"https:\/\/www.egemtv.com\/?p=93408"},"modified":"2026-03-11T11:15:03","modified_gmt":"2026-03-11T08:15:03","slug":"dunyaca-unlu-piyanist-gulsin-onay-denizlide-ogrencilerle-bulustu","status":"publish","type":"post","link":"https:\/\/www.egemtv.com\/?p=93408","title":{"rendered":"D\u00fcnyaca \u00fcnl\u00fc piyanist G\u00fclsin Onay Denizli\u2019de \u00f6\u011frencilerle bulu\u015ftu"},"content":{"rendered":"<p>Hakk\u0131 Derek\u00f6yl\u00fc G\u00fczel Sanatlar Lisesi taraf\u0131ndan bu y\u0131l 9\u2019uncusu d\u00fczenlenen Piyano Festivali kapsam\u0131nda Denizli\u2019ye gelen d\u00fcnyaca \u00fcnl\u00fc piyanist ve devlet sanat\u00e7\u0131s\u0131 G\u00fclsin Onay, \u00f6\u011frencilerle bir araya gelerek tecr\u00fcbelerini payla\u015ft\u0131 ve mini bir konser verdi.<br \/>\n<br \/>Hakk\u0131 Derek\u00f6yl\u00fc G\u00fczel Sanatlar Lisesi taraf\u0131ndan bu y\u0131l 9\u2019uncusu d\u00fczenlenen Piyano Festivali kapsam\u0131nda Denizli\u2019ye gelen d\u00fcnyaca \u00fcnl\u00fc piyanist ve devlet sanat\u00e7\u0131s\u0131 G\u00fclsin Onay, Denizlili sanatseverlerle bulu\u015ftu. Festival \u00e7er\u00e7evesinde ilk olarak Hakk\u0131 Derek\u00f6yl\u00fc G\u00fczel Sanatlar Lisesi\u2019nde \u00f6\u011frencilerle bir araya gelen Onay, gen\u00e7 m\u00fczisyenlerle sohbet ederek sanat yolculu\u011funa dair deneyimlerini payla\u015ft\u0131. \u00d6\u011frencilerin sorular\u0131n\u0131 da yan\u0131tlayan Onay, m\u00fczik e\u011fitiminin \u00f6nemine de\u011finerek gen\u00e7 yeteneklere tavsiyelerde bulundu. Program kapsam\u0131nda \u00f6\u011frencilere mini bir piyano dinletisi de sunan Onay, performans\u0131yla b\u00fcy\u00fck be\u011feni toplad\u0131.<\/p>\n<p>\u00dcnl\u00fc piyanist, ak\u015fam saatlerinde ise Pamukkale \u00dcniversitesi Kongre ve K\u00fclt\u00fcr Merkezi\u2019nde d\u00fczenlenen konserle Denizlili vatanda\u015flarla bulu\u015ftu. Sanatseverlerin yo\u011fun ilgi g\u00f6sterdi\u011fi konser, kat\u0131l\u0131mc\u0131lardan b\u00fcy\u00fck alk\u0131\u015f ald\u0131. Festival kapsam\u0131nda ger\u00e7ekle\u015fen etkinlik, m\u00fczikseverlere unutulmaz bir ak\u015fam ya\u015fatt\u0131.<\/p>\n<p>Hakk\u0131 Derek\u00f6yl\u00fc G\u00fczel Sanatlar Lisesi \u00f6\u011fretmen ve \u00f6\u011frencilerine \u00f6vg\u00fcyle bahseden devlet sanat\u00e7\u0131s\u0131 G\u00fclsin Onay, yapt\u0131\u011f\u0131 a\u00e7\u0131klamada, &#8220;Bu ger\u00e7ekten s\u00f6zlere s\u0131\u011fmayacak kadar gurur verici bir olay. \u00c7\u00fcnk\u00fc festival dokuz y\u0131ld\u0131r d\u00fczenleniyor ve her ge\u00e7en y\u0131l daha da b\u00fcy\u00fcyor. Bu y\u0131l san\u0131r\u0131m yakla\u015f\u0131k be\u015f y\u00fcze yak\u0131n kat\u0131l\u0131mc\u0131 var. Ger\u00e7ekten muhte\u015fem. Ben de bug\u00fcn \u00f6\u011frencileri dinleme f\u0131rsat\u0131 buldum. Hocalar\u0131yla birlikte bir araya geldik ve performanslar\u0131n\u0131 \u00e7ok be\u011fendim. D\u00fczeyleri olduk\u00e7a iyi. Onlarla sohbet etme imk\u00e2n\u0131 da bulduk. Bu ak\u015famki konser \u00f6ncesinde b\u00f6yle bir ortamda bulunmaktan dolay\u0131 \u00e7ok mutluyum ve eme\u011fi ge\u00e7en herkesi i\u00e7tenlikle tebrik ediyorum. Bu organizasyon b\u00fcy\u00fck bir emek, ciddi bir haz\u0131rl\u0131k ve yo\u011fun bir \u00e7al\u0131\u015fman\u0131n \u00fcr\u00fcn\u00fc. Ben de her zaman gen\u00e7lerin yan\u0131nday\u0131m ve onlar\u0131n geli\u015fimini g\u00f6rmek hepimizi \u00e7ok mutlu ediyor. Bu da bana b\u00fcy\u00fck bir heyecan veriyor&#8221; \u015feklinde konu\u015ftu.<\/p>\n<p>Denizlili m\u00fczikseverlerle bulu\u015ftu\u011fu i\u00e7in heyecanl\u0131 oldu\u011funu ifade eden sanat\u00e7\u0131 Onay, &#8220;\u00dcniversitenin bu g\u00fczel salonunda, harika bir ortamda Denizlili m\u00fczikseverlerle m\u00fczi\u011fi payla\u015facak olmak benim i\u00e7in b\u00fcy\u00fck bir mutluluk olacak&#8221; dedi.<\/p>\n<p>Bu y\u0131l 9\u2019uncusu d\u00fczenlene Hakk\u0131 Derek\u00f6yl\u00fc G\u00fczel Sanatlar Lisesi Piyano Festivalini geleneksel hale getirmekten mutluluk duyduklar\u0131n\u0131 ve festivalde d\u00fcnyaca \u00fcnl\u00fc sanat\u00e7\u0131lar\u0131 a\u011f\u0131rlamaktan mutluluk duyduklar\u0131n\u0131 belirten Okul M\u00fcd\u00fcr\u00fc Sinan Demircan, festival kapsam\u0131nda yapt\u0131\u011f\u0131 a\u00e7\u0131klamada, &#8220;Piyano Festivali, Hakk\u0131 Derek\u00f6yl\u00fc G\u00fczel Sanatlar Lisesi ile b\u00fct\u00fcnle\u015fmi\u015f bir festivaldir. Bu y\u0131l dokuzuncusunu d\u00fczenledi\u011fimiz festival, Denizli ve Ege B\u00f6lgesi\u2019nde m\u00fczi\u011fe ve sanata g\u00f6n\u00fcl veren, piyano \u00e7almay\u0131 seven m\u00fczisyenlerin ve m\u00fczik \u00f6\u011frencilerinin bir araya geldi\u011fi \u00f6nemli bir platform haline gelmi\u015ftir. Festival sayesinde kat\u0131l\u0131mc\u0131lar yaln\u0131zca m\u00fczikal duygular\u0131n\u0131 de\u011fil, ayn\u0131 zamanda sahne performanslar\u0131n\u0131 da sergileme f\u0131rsat\u0131 bulmaktad\u0131r. Okul ve kurum politikalar\u0131m\u0131z a\u00e7\u0131s\u0131ndan bakt\u0131\u011f\u0131m\u0131zda ise Denizli ve Ege B\u00f6lgesi\u2019nde k\u00fclt\u00fcrel ve sanatsal etkinliklere mutlaka yer verilmesi gerekti\u011fine inan\u0131yoruz. Bu anlay\u0131\u015f do\u011frultusunda kurum olarak Piyano Festivali\u2019ni hayata ge\u00e7irdik. Bug\u00fcn ise festivalimizin finalinde, d\u00fcnyaca \u00fcnl\u00fc devlet sanat\u00e7\u0131m\u0131z G\u00fclsin Onay\u2019\u0131n gala konseriyle bu \u00f6zel etkinli\u011fi ta\u00e7land\u0131rm\u0131\u015f bulunuyoruz&#8221;  ifadelerini kulland\u0131.<br \/><\/p>\n","protected":false},"excerpt":{"rendered":"<p>Hakk\u0131 Derek\u00f6yl\u00fc G\u00fczel Sanatlar Lisesi taraf\u0131ndan bu y\u0131l 9\u2019uncusu d\u00fczenlenen Piyano Festivali kapsam\u0131nda Denizli\u2019ye gelen d\u00fcnyaca \u00fcnl\u00fc piyanist ve devlet sanat\u00e7\u0131s\u0131 G\u00fclsin Onay, \u00f6\u011frencilerle bir araya gelerek tecr\u00fcbelerini payla\u015ft\u0131 ve mini bir konser verdi. Hakk\u0131 Derek\u00f6yl\u00fc G\u00fczel Sanatlar Lisesi taraf\u0131ndan bu y\u0131l 9\u2019uncusu d\u00fczenlenen Piyano Festivali kapsam\u0131nda Denizli\u2019ye gelen d\u00fcnyaca \u00fcnl\u00fc piyanist ve devlet sanat\u00e7\u0131s\u0131&#8230;<\/p>\n","protected":false},"author":1,"featured_media":93409,"comment_status":"open","ping_status":"open","sticky":false,"template":"","format":"standard","meta":{"_crdt_document":"","footnotes":""},"categories":[1],"tags":[],"class_list":["post-93408","post","type-post","status-publish","format-standard","has-post-thumbnail","hentry","category-guncel"],"_links":{"self":[{"href":"https:\/\/www.egemtv.com\/index.php?rest_route=\/wp\/v2\/posts\/93408","targetHints":{"allow":["GET"]}}],"collection":[{"href":"https:\/\/www.egemtv.com\/index.php?rest_route=\/wp\/v2\/posts"}],"about":[{"href":"https:\/\/www.egemtv.com\/index.php?rest_route=\/wp\/v2\/types\/post"}],"author":[{"embeddable":true,"href":"https:\/\/www.egemtv.com\/index.php?rest_route=\/wp\/v2\/users\/1"}],"replies":[{"embeddable":true,"href":"https:\/\/www.egemtv.com\/index.php?rest_route=%2Fwp%2Fv2%2Fcomments&post=93408"}],"version-history":[{"count":1,"href":"https:\/\/www.egemtv.com\/index.php?rest_route=\/wp\/v2\/posts\/93408\/revisions"}],"predecessor-version":[{"id":93410,"href":"https:\/\/www.egemtv.com\/index.php?rest_route=\/wp\/v2\/posts\/93408\/revisions\/93410"}],"wp:featuredmedia":[{"embeddable":true,"href":"https:\/\/www.egemtv.com\/index.php?rest_route=\/wp\/v2\/media\/93409"}],"wp:attachment":[{"href":"https:\/\/www.egemtv.com\/index.php?rest_route=%2Fwp%2Fv2%2Fmedia&parent=93408"}],"wp:term":[{"taxonomy":"category","embeddable":true,"href":"https:\/\/www.egemtv.com\/index.php?rest_route=%2Fwp%2Fv2%2Fcategories&post=93408"},{"taxonomy":"post_tag","embeddable":true,"href":"https:\/\/www.egemtv.com\/index.php?rest_route=%2Fwp%2Fv2%2Ftags&post=93408"}],"curies":[{"name":"wp","href":"https:\/\/api.w.org\/{rel}","templated":true}]}}