{"id":93405,"date":"2026-03-11T11:15:00","date_gmt":"2026-03-11T08:15:00","guid":{"rendered":"https:\/\/www.egemtv.com\/?p=93405"},"modified":"2026-03-11T11:15:01","modified_gmt":"2026-03-11T08:15:01","slug":"aydin-daglarinda-incir-ve-zeytin-ureticisinin-karasabanla-zorlu-mucadelesi-basladi","status":"publish","type":"post","link":"https:\/\/www.egemtv.com\/?p=93405","title":{"rendered":"Ayd\u0131n da\u011flar\u0131nda incir ve zeytin \u00fcreticisinin karasabanla zorlu m\u00fccadelesi ba\u015flad\u0131"},"content":{"rendered":"<p>T\u00fcrkiye\u2019nin en fazla incir ve zeytin \u00fcretiminin yap\u0131ld\u0131\u011f\u0131 Ayd\u0131n\u2019\u0131n verimli da\u011flar\u0131nda \u00e7ift\u00e7ilerin karasabanla zorlu m\u00fccadelesi ba\u015flad\u0131. Bahar\u0131n gelmesiyle birlikte topra\u011f\u0131n tav\u0131 ka\u00e7madan arazilerini s\u00fcrmek isteyen \u00fcreticiler, zorlu arazi \u015fartlar\u0131nda karasabana ko\u015ftuklar\u0131 atlarla yo\u011fun mesai harc\u0131yor.<\/p>\n<p>Da\u011fl\u0131k alanlarda modern tar\u0131m makinelerinin kullan\u0131lamamas\u0131 nedeniyle \u00fcreticiler, geleneksel y\u00f6ntemlerden biri olan karasabanla arazilerini s\u00fcrmeye devam ediyor. Bu y\u0131l Ramazan ay\u0131n\u0131n \u00e7ift s\u00fcrme d\u00f6nemine denk gelmesi nedeniyle \u00e7ift\u00e7ilerin m\u00fccadelesini oru\u00e7lu olarak s\u00fcrd\u00fcr\u00fcyor.<\/p>\n<p>Atlarla \u00e7ift s\u00fcren vatanda\u015flardan Atilla \u00d6zkan, da\u011fl\u0131k arazilerde trakt\u00f6rle \u00e7al\u0131\u015fman\u0131n m\u00fcmk\u00fcn olmad\u0131\u011f\u0131n\u0131 belirterek, &#8220;Arazilerimiz \u00e7ok e\u011fimli oldu\u011fu i\u00e7in trakt\u00f6r giremiyor. Bu y\u00fczden y\u0131llard\u0131r atlarla karasaban kullan\u0131yoruz. Topra\u011f\u0131n tav\u0131 ka\u00e7madan s\u00fcrmemiz gerekiyor. Ramazan ay\u0131nda oru\u00e7lu olsak da \u00fcretim i\u00e7in \u00e7al\u0131\u015fmaya devam ediyoruz&#8221; dedi.<\/p>\n<p>&#8220;G\u00fcnl\u00fck 6 bin TL ayl\u0131k 180 bin TL kazan\u0131yorlar&#8221;<br \/>\n<br \/>\u00c7al\u0131\u015ft\u0131ktan sonra herkesin ekme\u011fini kazanabildi\u011fi ve y\u0131l\u0131n 12 ay\u0131 \u00e7al\u0131\u015fana i\u015fin bulundu\u011fu Ayd\u0131n\u2019da atlarla \u00e7ift s\u00fcren ilkokul mezunu bir ki\u015fi m\u00fchendis ve doktor maa\u015f\u0131na e\u015f de\u011fer para kazan\u0131yor. Piyasa de\u011feri 40-50 bin TL olan ve \u00e7ift s\u00fcrmeye al\u0131\u015f\u0131k 2 ata sahip olan Ayd\u0131n\u2019\u0131n da\u011f k\u00f6ylerindeki erkekler, sezon boyunca g\u00fcnl\u00fc\u011f\u00fc 6 bin TL\u2019ye \u00e7ift s\u00fcr\u00fcyor. Ayl\u0131k kazan\u00e7lar\u0131 180 bin liraya yakla\u015fan \u00e7ift\u00e7iler \u00e7al\u0131\u015ft\u0131ktan sonra herkesin para kazanabilece\u011fini ancak yeni neslin zor geldi\u011fi i\u00e7in atlarla \u00e7ift s\u00fcrmeye yana\u015fmad\u0131\u011f\u0131n\u0131 belirtti.<\/p>\n<p>G\u00fcnl\u00fck kazanc\u0131n\u0131n olduk\u00e7a iyi oldu\u011funu belirten \u00e7ift\u00e7ilerden Atilla \u00d6zkan, &#8220;\u015eu anda g\u00fcnl\u00fck 6 bin TL yevmiye ile \u00e7ift s\u00fcr\u00fcyoruz. Bu da ayda 180 bin TL ediyor. \u00c7ok \u015f\u00fck\u00fcr g\u00fczel para. Buna ra\u011fmen bu i\u015fi yapan ki\u015fi say\u0131s\u0131 \u00e7ok az. Yeni nesil bu i\u015fi yapmak istemiyor. Atlarla \u00e7ift s\u00fcrmek zor bir i\u015f oldu\u011fu i\u00e7in gen\u00e7ler pek yana\u015fm\u0131yor&#8221; diye konu\u015ftu.<\/p>\n<p>Topra\u011f\u0131n tav\u0131n\u0131 kaybetmeden i\u015flenmesinin \u00fcr\u00fcn verimi a\u00e7\u0131s\u0131ndan b\u00fcy\u00fck \u00f6nem ta\u015f\u0131d\u0131\u011f\u0131n\u0131 belirten \u00e7ift\u00e7iler, hem incir hem de zeytin a\u011fa\u00e7lar\u0131n\u0131n daha verimli olmas\u0131 i\u00e7in arazileri zaman\u0131nda s\u00fcrmeye \u00e7al\u0131\u015ft\u0131klar\u0131n\u0131 ifade etti.<br \/><\/p>\n","protected":false},"excerpt":{"rendered":"<p>T\u00fcrkiye\u2019nin en fazla incir ve zeytin \u00fcretiminin yap\u0131ld\u0131\u011f\u0131 Ayd\u0131n\u2019\u0131n verimli da\u011flar\u0131nda \u00e7ift\u00e7ilerin karasabanla zorlu m\u00fccadelesi ba\u015flad\u0131. Bahar\u0131n gelmesiyle birlikte topra\u011f\u0131n tav\u0131 ka\u00e7madan arazilerini s\u00fcrmek isteyen \u00fcreticiler, zorlu arazi \u015fartlar\u0131nda karasabana ko\u015ftuklar\u0131 atlarla yo\u011fun mesai harc\u0131yor. Da\u011fl\u0131k alanlarda modern tar\u0131m makinelerinin kullan\u0131lamamas\u0131 nedeniyle \u00fcreticiler, geleneksel y\u00f6ntemlerden biri olan karasabanla arazilerini s\u00fcrmeye devam ediyor. Bu y\u0131l Ramazan&#8230;<\/p>\n","protected":false},"author":1,"featured_media":93406,"comment_status":"open","ping_status":"open","sticky":false,"template":"","format":"standard","meta":{"_crdt_document":"","footnotes":""},"categories":[1],"tags":[],"class_list":["post-93405","post","type-post","status-publish","format-standard","has-post-thumbnail","hentry","category-guncel"],"_links":{"self":[{"href":"https:\/\/www.egemtv.com\/index.php?rest_route=\/wp\/v2\/posts\/93405","targetHints":{"allow":["GET"]}}],"collection":[{"href":"https:\/\/www.egemtv.com\/index.php?rest_route=\/wp\/v2\/posts"}],"about":[{"href":"https:\/\/www.egemtv.com\/index.php?rest_route=\/wp\/v2\/types\/post"}],"author":[{"embeddable":true,"href":"https:\/\/www.egemtv.com\/index.php?rest_route=\/wp\/v2\/users\/1"}],"replies":[{"embeddable":true,"href":"https:\/\/www.egemtv.com\/index.php?rest_route=%2Fwp%2Fv2%2Fcomments&post=93405"}],"version-history":[{"count":1,"href":"https:\/\/www.egemtv.com\/index.php?rest_route=\/wp\/v2\/posts\/93405\/revisions"}],"predecessor-version":[{"id":93407,"href":"https:\/\/www.egemtv.com\/index.php?rest_route=\/wp\/v2\/posts\/93405\/revisions\/93407"}],"wp:featuredmedia":[{"embeddable":true,"href":"https:\/\/www.egemtv.com\/index.php?rest_route=\/wp\/v2\/media\/93406"}],"wp:attachment":[{"href":"https:\/\/www.egemtv.com\/index.php?rest_route=%2Fwp%2Fv2%2Fmedia&parent=93405"}],"wp:term":[{"taxonomy":"category","embeddable":true,"href":"https:\/\/www.egemtv.com\/index.php?rest_route=%2Fwp%2Fv2%2Fcategories&post=93405"},{"taxonomy":"post_tag","embeddable":true,"href":"https:\/\/www.egemtv.com\/index.php?rest_route=%2Fwp%2Fv2%2Ftags&post=93405"}],"curies":[{"name":"wp","href":"https:\/\/api.w.org\/{rel}","templated":true}]}}