{"id":93402,"date":"2026-03-11T10:54:58","date_gmt":"2026-03-11T07:54:58","guid":{"rendered":"https:\/\/www.egemtv.com\/?p=93402"},"modified":"2026-03-11T10:54:59","modified_gmt":"2026-03-11T07:54:59","slug":"deve-sutu-gida-teknolojisine-giriyor","status":"publish","type":"post","link":"https:\/\/www.egemtv.com\/?p=93402","title":{"rendered":"Deve s\u00fct\u00fc g\u0131da teknolojisine giriyor"},"content":{"rendered":"<p>Ayd\u0131n Adnan Menderes \u00dcniversitesi\u2019nde (AD\u00dc) y\u00fcr\u00fct\u00fclecek projede, deve s\u00fct\u00fcnden elde edilen sodyum kazeinat\u0131n, g\u0131dalar\u0131n daha uzun s\u00fcre korunmas\u0131 ve \u00f6zelliklerini kaybetmemesi i\u00e7in kullan\u0131l\u0131p kullan\u0131lamayaca\u011f\u0131 ara\u015ft\u0131r\u0131lacak.<\/p>\n<p>Ayd\u0131n Adnan Menderes \u00dcniversitesi (AD\u00dc) M\u00fchendislik Fak\u00fcltesi G\u0131da M\u00fchendisli\u011fi B\u00f6l\u00fcm\u00fc taraf\u0131ndan haz\u0131rlanan proje 1002-A H\u0131zl\u0131 Destek Program\u0131 kapsam\u0131nda desteklenmeye hak kazand\u0131. 12 ay s\u00fcrecek proje ile deve s\u00fct\u00fcnden elde edilen bir bile\u015fenin g\u0131da teknolojisinde yenilik\u00e7i kullan\u0131m alanlar\u0131 ara\u015ft\u0131r\u0131lacak. Projenin y\u00fcr\u00fct\u00fcc\u00fcl\u00fc\u011f\u00fcn\u00fc AD\u00dc M\u00fchendislik Fak\u00fcltesi G\u0131da M\u00fchendisli\u011fi B\u00f6l\u00fcm\u00fc \u00d6\u011fretim \u00dcyesi Do\u00e7. Dr. Selda Bulca \u00fcstlenirken, projede Dr. \u00d6\u011fr. \u00dcyesi Asl\u0131 Zungur Bast\u0131o\u011flu ve \u00d6\u011fr. G\u00f6r. Meryem K\u00fcbra Sat\u0131lm\u0131\u015f ara\u015ft\u0131rmac\u0131 olarak, y\u00fcksek lisans \u00f6\u011frencisi Berke Boran Varl\u0131 ise bursiyer olarak yer alacak.<\/p>\n<p>Ara\u015ft\u0131rma kapsam\u0131nda deve s\u00fct\u00fcnden elde edilen sodyum kazeinat\u0131n, kaplan f\u0131st\u0131\u011f\u0131 ya\u011f\u0131 mikroenkaps\u00fclasyonunda kaplama materyali olarak kullan\u0131m\u0131 incelenecek. Elde edilen mikroenkaps\u00fcllerin karakterizasyonuna y\u00f6nelik \u00e7al\u0131\u015fmalar da proje kapsam\u0131nda y\u00fcr\u00fct\u00fclecek. \u00c7al\u0131\u015fma ile g\u0131da bile\u015fenlerinin stabilitesinin art\u0131r\u0131lmas\u0131, fonksiyonel \u00f6zelliklerinin korunmas\u0131 ve g\u0131da teknolojilerinde yenilik\u00e7i uygulamalar\u0131n geli\u015ftirilmesine katk\u0131 sa\u011flanmas\u0131 hedefleniyor.<\/p>\n<p>Projenin, g\u0131da m\u00fchendisli\u011fi alan\u0131ndaki bilimsel \u00e7al\u0131\u015fmalara katk\u0131 sunmas\u0131n\u0131n yan\u0131 s\u0131ra Ayd\u0131n Adnan Menderes \u00dcniversitesi\u2019nin (AD\u00dc) ara\u015ft\u0131rma kapasitesinin geli\u015fimine de destek olmas\u0131 bekleniyor. \u00dcniversite y\u00f6netimi, projeyi y\u00fcr\u00fcten akademisyenleri ve ara\u015ft\u0131rma ekibini tebrik ederek ba\u015far\u0131lar\u0131n\u0131n devam\u0131n\u0131 diledi.<br \/><\/p>\n","protected":false},"excerpt":{"rendered":"<p>Ayd\u0131n Adnan Menderes \u00dcniversitesi\u2019nde (AD\u00dc) y\u00fcr\u00fct\u00fclecek projede, deve s\u00fct\u00fcnden elde edilen sodyum kazeinat\u0131n, g\u0131dalar\u0131n daha uzun s\u00fcre korunmas\u0131 ve \u00f6zelliklerini kaybetmemesi i\u00e7in kullan\u0131l\u0131p kullan\u0131lamayaca\u011f\u0131 ara\u015ft\u0131r\u0131lacak. Ayd\u0131n Adnan Menderes \u00dcniversitesi (AD\u00dc) M\u00fchendislik Fak\u00fcltesi G\u0131da M\u00fchendisli\u011fi B\u00f6l\u00fcm\u00fc taraf\u0131ndan haz\u0131rlanan proje 1002-A H\u0131zl\u0131 Destek Program\u0131 kapsam\u0131nda desteklenmeye hak kazand\u0131. 12 ay s\u00fcrecek proje ile deve s\u00fct\u00fcnden elde edilen&#8230;<\/p>\n","protected":false},"author":1,"featured_media":93403,"comment_status":"open","ping_status":"open","sticky":false,"template":"","format":"standard","meta":{"_crdt_document":"","footnotes":""},"categories":[1],"tags":[],"class_list":["post-93402","post","type-post","status-publish","format-standard","has-post-thumbnail","hentry","category-guncel"],"_links":{"self":[{"href":"https:\/\/www.egemtv.com\/index.php?rest_route=\/wp\/v2\/posts\/93402","targetHints":{"allow":["GET"]}}],"collection":[{"href":"https:\/\/www.egemtv.com\/index.php?rest_route=\/wp\/v2\/posts"}],"about":[{"href":"https:\/\/www.egemtv.com\/index.php?rest_route=\/wp\/v2\/types\/post"}],"author":[{"embeddable":true,"href":"https:\/\/www.egemtv.com\/index.php?rest_route=\/wp\/v2\/users\/1"}],"replies":[{"embeddable":true,"href":"https:\/\/www.egemtv.com\/index.php?rest_route=%2Fwp%2Fv2%2Fcomments&post=93402"}],"version-history":[{"count":1,"href":"https:\/\/www.egemtv.com\/index.php?rest_route=\/wp\/v2\/posts\/93402\/revisions"}],"predecessor-version":[{"id":93404,"href":"https:\/\/www.egemtv.com\/index.php?rest_route=\/wp\/v2\/posts\/93402\/revisions\/93404"}],"wp:featuredmedia":[{"embeddable":true,"href":"https:\/\/www.egemtv.com\/index.php?rest_route=\/wp\/v2\/media\/93403"}],"wp:attachment":[{"href":"https:\/\/www.egemtv.com\/index.php?rest_route=%2Fwp%2Fv2%2Fmedia&parent=93402"}],"wp:term":[{"taxonomy":"category","embeddable":true,"href":"https:\/\/www.egemtv.com\/index.php?rest_route=%2Fwp%2Fv2%2Fcategories&post=93402"},{"taxonomy":"post_tag","embeddable":true,"href":"https:\/\/www.egemtv.com\/index.php?rest_route=%2Fwp%2Fv2%2Ftags&post=93402"}],"curies":[{"name":"wp","href":"https:\/\/api.w.org\/{rel}","templated":true}]}}