{"id":93399,"date":"2026-03-11T10:54:56","date_gmt":"2026-03-11T07:54:56","guid":{"rendered":"https:\/\/www.egemtv.com\/?p=93399"},"modified":"2026-03-11T10:54:57","modified_gmt":"2026-03-11T07:54:57","slug":"sokede-yilan-baligi-festivali-coskusu-basliyor","status":"publish","type":"post","link":"https:\/\/www.egemtv.com\/?p=93399","title":{"rendered":"S\u00f6ke\u2019de Y\u0131lan Bal\u0131\u011f\u0131 Festivali co\u015fkusu ba\u015fl\u0131yor"},"content":{"rendered":"<p>S\u00f6ke Belediyesi taraf\u0131ndan bu y\u0131l 5\u2019incisi d\u00fczenlenecek olan Ser\u00e7in Y\u0131lan Bal\u0131\u011f\u0131 Festivali, 28-29 Mart 2026 tarihlerinde Ser\u00e7in Mahallesi\u2019nde ger\u00e7ekle\u015ftirilecek. \u0130ki g\u00fcn s\u00fcrecek festivalde konserler, g\u00f6steriler, at\u00f6lyeler ve \u00e7e\u015fitli etkinliklerle ziyaret\u00e7ilere dolu dolu bir program sunulacak. S\u00f6ke Belediyesi K\u00fclt\u00fcr Sanat ve Sosyal \u0130\u015fler M\u00fcd\u00fcrl\u00fc\u011f\u00fc \u00f6nc\u00fcl\u00fc\u011f\u00fcnde yap\u0131lacak festival; K\u00fclt\u00fcr ve Turizm Bakanl\u0131\u011f\u0131 ile Ayd\u0131n B\u00fcy\u00fck\u015fehir Belediyesi\u2019nin katk\u0131lar\u0131yla ger\u00e7ekle\u015fecek.<\/p>\n<p>Festival kapsam\u0131nda vatanda\u015flar; konser ve g\u00f6sterilerin yan\u0131 s\u0131ra el eme\u011fi \u00fcr\u00fcn pazarlar\u0131, \u00e7ocuk oyun alanlar\u0131, aktivite ve yar\u0131\u015fmalar, at\u00f6lye ve s\u00f6yle\u015filer ile yeme-i\u00e7me stantlar\u0131n\u0131n yer ald\u0131\u011f\u0131 etkinlik alan\u0131nda keyifli vakit ge\u00e7irecek. Ayr\u0131ca festivalde ziyaret\u00e7ilere y\u0131lan bal\u0131\u011f\u0131 ikram\u0131 da yap\u0131lacak.<\/p>\n<p>&#8220;\u0130lk g\u00fcn m\u00fczik ve at\u00f6lyelerle ba\u015flayacak&#8221;<br \/>\n<br \/>Festivalin ilk g\u00fcn\u00fc olan 28 Mart Cumartesi g\u00fcn\u00fc sahne program\u0131nda Ayd\u0131n B\u00fcy\u00fck\u015fehir Belediyesi Konservatuvar Orkestras\u0131 konser verecek. Konserde solist olarak Selcan Temel ve Efe Dumanc\u0131 sahne alacak. Ard\u0131ndan S\u00f6ke Trio ile m\u00fczik e\u011flencesi yer alacak. S\u00f6ke\u2019nin yerel sanat\u00e7\u0131lar\u0131 Semih Battal, Nebi \u00d6zev ve Eren Ku\u015fadal\u0131\u2019n\u0131n sahne alaca\u011f\u0131 programda m\u00fczik dolu anlar ya\u015fanacak. Ayn\u0131 g\u00fcn program kapsam\u0131nda ayr\u0131ca \u00fcnl\u00fc \u015fefler Hazer Amani ve Suat Y\u0131lmaz taraf\u0131ndan ger\u00e7ekle\u015ftirilecek workshop etkinlikleri de festival ziyaret\u00e7ileriyle bulu\u015facak. G\u00fcn boyunca halk oyunlar\u0131 g\u00f6sterileri ile animasyon ve \u00e7ocuk etkinlikleri de ger\u00e7ekle\u015ftirilecek.<\/p>\n<p>&#8220;\u0130kinci g\u00fcn de dolu dolu ge\u00e7ecek&#8221;<br \/>\n<br \/>Festivalin ikinci g\u00fcn\u00fc olan 29 Mart Pazar g\u00fcn\u00fc ise K\u00fclt\u00fcr ve Turizm Bakanl\u0131\u011f\u0131 sanat\u00e7\u0131s\u0131 Fatma Me\u015fe \u00d6z sahne alarak festival co\u015fkusunu zirveye ta\u015f\u0131yacak. Program kapsam\u0131nda ayr\u0131ca \u015eef Emrah K\u00f6ksal Sezgin taraf\u0131ndan at\u00f6lye \u00e7al\u0131\u015fmas\u0131 d\u00fczenlenecek. Festivalin s\u00f6yle\u015fi b\u00f6l\u00fcm\u00fcnde ise \u00c7anakkale 18 Mart \u00dcniversitesi\u2019nden Prof. Dr. \u015e\u00fckran Yal\u00e7\u0131n \u00d6zdilek, EKODOSD Ba\u015fkan\u0131 Bahattin S\u00fcr\u00fcc\u00fc ve bal\u0131k avc\u0131s\u0131 Ahmet \u00c7am kat\u0131l\u0131mc\u0131larla bir araya gelecek.<\/p>\n<p>&#8220;\u00dccretsiz ula\u015f\u0131m imkan\u0131 da sa\u011flanacak&#8221;<br \/>\n<br \/>Festival i\u00e7in S\u00f6ke Belediyesi taraf\u0131ndan \u00fccretsiz ula\u015f\u0131m imkan\u0131 da sa\u011flanacak. S\u00f6ke\u2019den Ser\u00e7in\u2019e saat 10.00 ve 11.00\u2019de H\u00fck\u00fcmet Meydan\u0131\u2019ndan, Ser\u00e7in\u2019den S\u00f6ke\u2019ye ise 16.00 ve 17.00\u2019de Ser\u00e7in giri\u015finden servisler hareket edecek.<\/p>\n<p>Do\u011fa, gastronomi ve k\u00fclt\u00fcr\u00fc bir araya getiren Ser\u00e7in Y\u0131lan Bal\u0131\u011f\u0131 Festivali\u2019ne sadece S\u00f6kelileri de\u011fil,  t\u00fcm b\u00f6lge halk\u0131na \u00e7a\u011fr\u0131da bulunan S\u00f6ke Belediye Ba\u015fkan\u0131 Dr. Mustafa \u0130berya Ar\u0131kan, &#8220;iki g\u00fcn boyunca hem S\u00f6kelilere hem de b\u00f6lge d\u0131\u015f\u0131ndan gelecek ziyaret\u00e7ilere unutulmaz anlar ya\u015fatmay\u0131 hedefliyoruz. S\u00f6ke\u2019mizin do\u011fal g\u00fczelliklerinden biri olan Bafa G\u00f6l\u00fc k\u0131y\u0131s\u0131nda bulunan Ser\u00e7in\u2019imizde, bulu\u015fmak \u00fczere herkesi bekliyoruz&#8221; dedi.<br \/><\/p>\n","protected":false},"excerpt":{"rendered":"<p>S\u00f6ke Belediyesi taraf\u0131ndan bu y\u0131l 5\u2019incisi d\u00fczenlenecek olan Ser\u00e7in Y\u0131lan Bal\u0131\u011f\u0131 Festivali, 28-29 Mart 2026 tarihlerinde Ser\u00e7in Mahallesi\u2019nde ger\u00e7ekle\u015ftirilecek. \u0130ki g\u00fcn s\u00fcrecek festivalde konserler, g\u00f6steriler, at\u00f6lyeler ve \u00e7e\u015fitli etkinliklerle ziyaret\u00e7ilere dolu dolu bir program sunulacak. S\u00f6ke Belediyesi K\u00fclt\u00fcr Sanat ve Sosyal \u0130\u015fler M\u00fcd\u00fcrl\u00fc\u011f\u00fc \u00f6nc\u00fcl\u00fc\u011f\u00fcnde yap\u0131lacak festival; K\u00fclt\u00fcr ve Turizm Bakanl\u0131\u011f\u0131 ile Ayd\u0131n B\u00fcy\u00fck\u015fehir Belediyesi\u2019nin katk\u0131lar\u0131yla&#8230;<\/p>\n","protected":false},"author":1,"featured_media":93400,"comment_status":"open","ping_status":"open","sticky":false,"template":"","format":"standard","meta":{"_crdt_document":"","footnotes":""},"categories":[1],"tags":[],"class_list":["post-93399","post","type-post","status-publish","format-standard","has-post-thumbnail","hentry","category-guncel"],"_links":{"self":[{"href":"https:\/\/www.egemtv.com\/index.php?rest_route=\/wp\/v2\/posts\/93399","targetHints":{"allow":["GET"]}}],"collection":[{"href":"https:\/\/www.egemtv.com\/index.php?rest_route=\/wp\/v2\/posts"}],"about":[{"href":"https:\/\/www.egemtv.com\/index.php?rest_route=\/wp\/v2\/types\/post"}],"author":[{"embeddable":true,"href":"https:\/\/www.egemtv.com\/index.php?rest_route=\/wp\/v2\/users\/1"}],"replies":[{"embeddable":true,"href":"https:\/\/www.egemtv.com\/index.php?rest_route=%2Fwp%2Fv2%2Fcomments&post=93399"}],"version-history":[{"count":1,"href":"https:\/\/www.egemtv.com\/index.php?rest_route=\/wp\/v2\/posts\/93399\/revisions"}],"predecessor-version":[{"id":93401,"href":"https:\/\/www.egemtv.com\/index.php?rest_route=\/wp\/v2\/posts\/93399\/revisions\/93401"}],"wp:featuredmedia":[{"embeddable":true,"href":"https:\/\/www.egemtv.com\/index.php?rest_route=\/wp\/v2\/media\/93400"}],"wp:attachment":[{"href":"https:\/\/www.egemtv.com\/index.php?rest_route=%2Fwp%2Fv2%2Fmedia&parent=93399"}],"wp:term":[{"taxonomy":"category","embeddable":true,"href":"https:\/\/www.egemtv.com\/index.php?rest_route=%2Fwp%2Fv2%2Fcategories&post=93399"},{"taxonomy":"post_tag","embeddable":true,"href":"https:\/\/www.egemtv.com\/index.php?rest_route=%2Fwp%2Fv2%2Ftags&post=93399"}],"curies":[{"name":"wp","href":"https:\/\/api.w.org\/{rel}","templated":true}]}}