{"id":93396,"date":"2026-03-11T10:54:54","date_gmt":"2026-03-11T07:54:54","guid":{"rendered":"https:\/\/www.egemtv.com\/?p=93396"},"modified":"2026-03-11T10:54:56","modified_gmt":"2026-03-11T07:54:56","slug":"lunapark-gitti-yerine-zeytin-sahne-geliyor","status":"publish","type":"post","link":"https:\/\/www.egemtv.com\/?p=93396","title":{"rendered":"Lunapark gitti, yerine \u2019Zeytin sahne\u2019 geliyor"},"content":{"rendered":"<p>\u0130zmir B\u00fcy\u00fck\u015fehir Belediyesi, K\u00fclt\u00fcrpark\u2019taki eski lunapark alan\u0131nda ye\u015fil d\u00f6n\u00fc\u015f\u00fcm ba\u015flatt\u0131. Do\u011fayla b\u00fct\u00fcnle\u015fen ve \u00e7ay\u0131rla kapl\u0131 bir etkinlik alan\u0131 olarak tasarlanan b\u00f6lgede kurulacak Zeytin Sahne, \u00f6zg\u00fcn tasar\u0131m\u0131yla kentin yeni simgelerinden biri olacak. D\u00f6n\u00fc\u015f\u00fcm s\u00fcreci hakk\u0131nda konu\u015fan \u0130zmir B\u00fcy\u00fck\u015fehir Belediye Ba\u015fkan\u0131 Cemil Tugay, &#8220;K\u00fclt\u00fcrpark\u2019\u0131, t\u00fcm kentlilerin daha keyifle kulland\u0131\u011f\u0131 bir ya\u015fam alan\u0131na ad\u0131m ad\u0131m d\u00f6n\u00fc\u015ft\u00fcr\u00fcyoruz&#8221; ifadelerini kulland\u0131.<br \/>\n<br \/>\u0130zmir B\u00fcy\u00fck\u015fehir Belediye Ba\u015fkan\u0131 Cemil Tugay\u2019\u0131n K\u00fclt\u00fcrpark\u2019ta ba\u015flatt\u0131\u011f\u0131 d\u00f6n\u00fc\u015f\u00fcm \u00e7al\u0131\u015fmalar\u0131 t\u00fcm h\u0131z\u0131yla s\u00fcr\u00fcyor. K\u00fclt\u00fcrel miras\u0131, zengin ye\u015fil dokusu, sosyal alanlar\u0131 ve Ye\u015fil Bayrak \u00f6d\u00fcll\u00fc kimli\u011fiyle \u00f6ne \u00e7\u0131kan K\u00fclt\u00fcrpark\u2019ta y\u00fcr\u00fct\u00fclen gen\u00e7le\u015ftirme \u00e7al\u0131\u015fmalar\u0131 kapsam\u0131nda eski lunapark alan\u0131 da yeniden d\u00fczenleniyor. Eski lunapark arazisindeki beton zemin s\u00f6k\u00fclerek ye\u015fil bir etkinlik alan\u0131na d\u00f6n\u00fc\u015ft\u00fcr\u00fclecek.<\/p>\n<p>K\u00fclt\u00fcrpark\u2019ta d\u00f6n\u00fc\u015f\u00fcm<br \/>\n<br \/>Atlas Pavyonu\u2019nun yan\u0131nda bulunan 4 bin 300 metrekarelik beton alan\u0131n a\u011fa\u00e7land\u0131r\u0131lmas\u0131n\u0131n ard\u0131ndan lunapark alan\u0131n\u0131n da d\u00f6n\u00fc\u015f\u00fcm\u00fc i\u00e7in \u00e7al\u0131\u015fmalar\u0131n ba\u015flad\u0131\u011f\u0131n\u0131 s\u00f6yleyen Ba\u015fkan Tugay, &#8220;Eski lunapark alan\u0131n\u0131 tamamen \u00e7imle kapl\u0131, etkinliklerin d\u00fczenlenebilece\u011fi; \u00e7ocuklar\u0131m\u0131z\u0131n ve ailelerimizin g\u00fcvenle vakit ge\u00e7irebilece\u011fi nitelikli bir alana d\u00f6n\u00fc\u015ft\u00fcrece\u011fiz. K\u00fclt\u00fcrpark\u2019\u0131 t\u00fcm kentlilerin daha keyifle kulland\u0131\u011f\u0131 bir ya\u015fam alan\u0131na ad\u0131m ad\u0131m d\u00f6n\u00fc\u015ft\u00fcr\u00fcyoruz&#8221; ifadelerini kulland\u0131.<\/p>\n<p>Lunapark\u2019\u0131n gri betonu ye\u015fil \u00e7ay\u0131r ekosistemine d\u00f6n\u00fc\u015f\u00fcyor<br \/>\n<br \/>K\u00fclt\u00fcrpark\u2019\u0131n fuarc\u0131l\u0131k anlay\u0131\u015f\u0131 ve g\u00fc\u00e7l\u00fc ye\u015fil doku misyonu do\u011frultusunda etkinlik alan\u0131 olarak projelendirilen eski lunapark alan\u0131, tamamen do\u011fal bir \u00e7ay\u0131r ekosistemine d\u00f6n\u00fc\u015ft\u00fcr\u00fcl\u00fcyor. Planlama kapsam\u0131nda Park ve Bah\u00e7eler Dairesi Ba\u015fkanl\u0131\u011f\u0131, 12 bin metrekarelik alan\u0131n zeminindeki kilit parke ta\u015flar\u0131n\u0131n s\u00f6k\u00fcm \u00e7al\u0131\u015fmalar\u0131na ba\u015flad\u0131. Yap\u0131sal zeminlerin kald\u0131r\u0131lmas\u0131yla birlikte alan yeniden do\u011fal bitki \u00f6rt\u00fcs\u00fcyle bulu\u015facak. Olu\u015fturulacak \u00e7ay\u0131r alan\u0131 yaln\u0131zca etkinliklere ev sahipli\u011fi yapmakla kalmayacak; ayn\u0131 zamanda park\u0131n ye\u015fil dokusunu da geni\u015fletecek. Toprakla bulu\u015facak geni\u015f \u00e7ay\u0131r alan\u0131, ya\u011f\u0131\u015f sular\u0131n\u0131n do\u011frudan zemine s\u0131zmas\u0131n\u0131 sa\u011flayarak yeralt\u0131 su kaynaklar\u0131n\u0131n beslenmesine katk\u0131 sunacak; b\u00f6ylece ye\u015fil altyap\u0131n\u0131n kent ekosistemine katk\u0131s\u0131 da g\u00fc\u00e7lenecek.<\/p>\n<p>Do\u011fayla b\u00fct\u00fcnle\u015fen yeni etkinlik alan\u0131<br \/>\n<br \/>K\u00fclt\u00fcrpark\u2019ta ye\u015fil bir etkinlik alan\u0131 olarak tasarlanan b\u00f6lge yeni d\u00fczenlemeyle konserlere, k\u00fclt\u00fcrel etkinliklere ve sosyal bulu\u015fmalara ev sahipli\u011fi yapacak. Alanda \u00f6zg\u00fcn tasar\u0131m\u0131yla hayata ge\u00e7ecek Zeytin Sahne, kent haf\u0131zas\u0131na kaz\u0131nacak pek \u00e7ok etkinli\u011fe ev sahipli\u011fi yapacak. Planlanan yeme-i\u00e7me ve oturma alanlar\u0131, tuvaletler ile altyap\u0131 d\u00fczenlemeleri sayesinde bu geni\u015f a\u00e7\u0131k mek\u00e2n, kat\u0131l\u0131mc\u0131lar\u0131n uzun s\u00fcreli ve konforlu bir etkinlik deneyimi ya\u015fayabilece\u011fi \u015fekilde kurguland\u0131. D\u00f6n\u00fc\u015f\u00fcm\u00fcn tamamlanmas\u0131yla K\u00fclt\u00fcrpark\u2019a, do\u011fayla daha uyumlu ve kent ya\u015fam\u0131n\u0131 zenginle\u015ftiren nitelikli bir etkinlik alan\u0131 kazand\u0131r\u0131lm\u0131\u015f olacak. Kent sakinleri ve ziyaret\u00e7iler, burada hem do\u011fayla i\u00e7 i\u00e7e vakit ge\u00e7irebilecek hem de konserlerden k\u00fclt\u00fcrel programlara uzanan geni\u015f bir etkinlik yelpazesinden yararlanabilecek.<br \/><\/p>\n","protected":false},"excerpt":{"rendered":"<p>\u0130zmir B\u00fcy\u00fck\u015fehir Belediyesi, K\u00fclt\u00fcrpark\u2019taki eski lunapark alan\u0131nda ye\u015fil d\u00f6n\u00fc\u015f\u00fcm ba\u015flatt\u0131. Do\u011fayla b\u00fct\u00fcnle\u015fen ve \u00e7ay\u0131rla kapl\u0131 bir etkinlik alan\u0131 olarak tasarlanan b\u00f6lgede kurulacak Zeytin Sahne, \u00f6zg\u00fcn tasar\u0131m\u0131yla kentin yeni simgelerinden biri olacak. D\u00f6n\u00fc\u015f\u00fcm s\u00fcreci hakk\u0131nda konu\u015fan \u0130zmir B\u00fcy\u00fck\u015fehir Belediye Ba\u015fkan\u0131 Cemil Tugay, &#8220;K\u00fclt\u00fcrpark\u2019\u0131, t\u00fcm kentlilerin daha keyifle kulland\u0131\u011f\u0131 bir ya\u015fam alan\u0131na ad\u0131m ad\u0131m d\u00f6n\u00fc\u015ft\u00fcr\u00fcyoruz&#8221; ifadelerini kulland\u0131&#8230;.<\/p>\n","protected":false},"author":1,"featured_media":93397,"comment_status":"open","ping_status":"open","sticky":false,"template":"","format":"standard","meta":{"_crdt_document":"","footnotes":""},"categories":[1],"tags":[],"class_list":["post-93396","post","type-post","status-publish","format-standard","has-post-thumbnail","hentry","category-guncel"],"_links":{"self":[{"href":"https:\/\/www.egemtv.com\/index.php?rest_route=\/wp\/v2\/posts\/93396","targetHints":{"allow":["GET"]}}],"collection":[{"href":"https:\/\/www.egemtv.com\/index.php?rest_route=\/wp\/v2\/posts"}],"about":[{"href":"https:\/\/www.egemtv.com\/index.php?rest_route=\/wp\/v2\/types\/post"}],"author":[{"embeddable":true,"href":"https:\/\/www.egemtv.com\/index.php?rest_route=\/wp\/v2\/users\/1"}],"replies":[{"embeddable":true,"href":"https:\/\/www.egemtv.com\/index.php?rest_route=%2Fwp%2Fv2%2Fcomments&post=93396"}],"version-history":[{"count":1,"href":"https:\/\/www.egemtv.com\/index.php?rest_route=\/wp\/v2\/posts\/93396\/revisions"}],"predecessor-version":[{"id":93398,"href":"https:\/\/www.egemtv.com\/index.php?rest_route=\/wp\/v2\/posts\/93396\/revisions\/93398"}],"wp:featuredmedia":[{"embeddable":true,"href":"https:\/\/www.egemtv.com\/index.php?rest_route=\/wp\/v2\/media\/93397"}],"wp:attachment":[{"href":"https:\/\/www.egemtv.com\/index.php?rest_route=%2Fwp%2Fv2%2Fmedia&parent=93396"}],"wp:term":[{"taxonomy":"category","embeddable":true,"href":"https:\/\/www.egemtv.com\/index.php?rest_route=%2Fwp%2Fv2%2Fcategories&post=93396"},{"taxonomy":"post_tag","embeddable":true,"href":"https:\/\/www.egemtv.com\/index.php?rest_route=%2Fwp%2Fv2%2Ftags&post=93396"}],"curies":[{"name":"wp","href":"https:\/\/api.w.org\/{rel}","templated":true}]}}