{"id":93393,"date":"2026-03-11T10:54:53","date_gmt":"2026-03-11T07:54:53","guid":{"rendered":"https:\/\/www.egemtv.com\/?p=93393"},"modified":"2026-03-11T10:54:54","modified_gmt":"2026-03-11T07:54:54","slug":"koycegizde-153-satranc-sporcusu-canakkale-sehitleri-icin-bulustu","status":"publish","type":"post","link":"https:\/\/www.egemtv.com\/?p=93393","title":{"rendered":"K\u00f6yce\u011fiz\u2019de 153 satran\u00e7 sporcusu \u00c7anakkale \u015eehitleri i\u00e7in bulu\u015ftu"},"content":{"rendered":"<p>Mu\u011fla\u2019n\u0131n K\u00f6yce\u011fiz il\u00e7esinde 18 Mart \u00c7anakkale Zaferi ve \u015eehitleri Anma Satran\u00e7 Turnuvas\u0131, Borsa \u0130stanbul \u0130lkokulu Salonu\u2019nda ger\u00e7ekle\u015ftirildi.<\/p>\n<p>T\u00fcrkiye\u2019nin farkl\u0131 il ve il\u00e7elerinden toplam 153 sporcu turnuvaya kat\u0131larak m\u00fccadele etti. K\u00f6yce\u011fiz \u0130l\u00e7e Milli E\u011fitim M\u00fcd\u00fcr\u00fc Taner \u015een, turnuva salonunu ziyaret ederek T\u00fcrkiye Satran\u00e7 Federasyonu K\u00f6yce\u011fiz Temsilcisi Sedat Aksoy\u2019dan organizasyon hakk\u0131nda bilgi ald\u0131. M\u00fcd\u00fcr \u015een, sporculara ba\u015far\u0131 dileklerini iletirken, uzak il ve il\u00e7elerden turnuvaya kat\u0131lan sporcu velilerine de te\u015fekk\u00fcr etti. \u00d6zellikle A\u00e7\u0131k Kategori\u2019ye yo\u011fun ilgi g\u00f6sterilmesi ve iddial\u0131 sporcular\u0131n turnuva i\u00e7in K\u00f6yce\u011fiz\u2019i tercih etmesi dikkat \u00e7ekti.<\/p>\n<p>Turnuva; TSF K\u00f6yce\u011fiz Temsilcisi, Yar\u0131\u015fma Direkt\u00f6r\u00fc ve Ba\u015fhakem Sedat Aksoy y\u00f6netiminde ger\u00e7ekle\u015ftirildi. Organizasyonda Ba\u015fhakem Yard\u0131mc\u0131s\u0131 Cengiz \u015eat\u0131r g\u00f6rev al\u0131rken, hakemlik g\u00f6revini \u00d6zay Erdo\u011fdu, G\u00fcler \u00c7akmakc\u0131, \u0130rfan Do\u011fan, Zeynep Arabac\u0131 ve Tatia Machitadze Sivri \u00fcstlendi.<\/p>\n<p>Turnuva sonunda ger\u00e7ekle\u015ftirilen \u00f6d\u00fcl t\u00f6reninde, her kategoride dereceye giren sporculara madalyalar\u0131; TSF Dat\u00e7a Temsilcisi \u0130smail Cem Y\u0131ld\u0131r\u0131m, TSF Marmaris Temsilcisi Banu Tugay ve T\u00fcrkiye Satran\u00e7 Federasyonu Mu\u011fla \u0130l Temsilci Yard\u0131mc\u0131s\u0131 Enver Tufaner taraf\u0131ndan takdim edildi. Ayr\u0131ca Halkbank Marmaris \u015eube M\u00fcd\u00fcr\u00fc \u0130lban \u00c7am, 8 Mart D\u00fcnya Kad\u0131nlar G\u00fcn\u00fc dolay\u0131s\u0131yla kad\u0131n sporculara \u00f6zel \u00f6d\u00fcller verdi. Yak\u0131n zamanda vefat eden T\u00fcrkiye Satran\u00e7 Federasyonu \u0130l Hakemi Cengiz Ceylan da turnuva kapsam\u0131nda rahmet ve sayg\u0131yla an\u0131ld\u0131. Ceylan\u2019\u0131n hayr\u0131na sporculara \u00e7e\u015fitli ikramlarda bulunan yak\u0131nlar\u0131na te\u015fekk\u00fcr edildi.<br \/><\/p>\n","protected":false},"excerpt":{"rendered":"<p>Mu\u011fla\u2019n\u0131n K\u00f6yce\u011fiz il\u00e7esinde 18 Mart \u00c7anakkale Zaferi ve \u015eehitleri Anma Satran\u00e7 Turnuvas\u0131, Borsa \u0130stanbul \u0130lkokulu Salonu\u2019nda ger\u00e7ekle\u015ftirildi. T\u00fcrkiye\u2019nin farkl\u0131 il ve il\u00e7elerinden toplam 153 sporcu turnuvaya kat\u0131larak m\u00fccadele etti. K\u00f6yce\u011fiz \u0130l\u00e7e Milli E\u011fitim M\u00fcd\u00fcr\u00fc Taner \u015een, turnuva salonunu ziyaret ederek T\u00fcrkiye Satran\u00e7 Federasyonu K\u00f6yce\u011fiz Temsilcisi Sedat Aksoy\u2019dan organizasyon hakk\u0131nda bilgi ald\u0131. M\u00fcd\u00fcr \u015een, sporculara ba\u015far\u0131&#8230;<\/p>\n","protected":false},"author":1,"featured_media":93394,"comment_status":"open","ping_status":"open","sticky":false,"template":"","format":"standard","meta":{"_crdt_document":"","footnotes":""},"categories":[4],"tags":[],"class_list":["post-93393","post","type-post","status-publish","format-standard","has-post-thumbnail","hentry","category-spor"],"_links":{"self":[{"href":"https:\/\/www.egemtv.com\/index.php?rest_route=\/wp\/v2\/posts\/93393","targetHints":{"allow":["GET"]}}],"collection":[{"href":"https:\/\/www.egemtv.com\/index.php?rest_route=\/wp\/v2\/posts"}],"about":[{"href":"https:\/\/www.egemtv.com\/index.php?rest_route=\/wp\/v2\/types\/post"}],"author":[{"embeddable":true,"href":"https:\/\/www.egemtv.com\/index.php?rest_route=\/wp\/v2\/users\/1"}],"replies":[{"embeddable":true,"href":"https:\/\/www.egemtv.com\/index.php?rest_route=%2Fwp%2Fv2%2Fcomments&post=93393"}],"version-history":[{"count":1,"href":"https:\/\/www.egemtv.com\/index.php?rest_route=\/wp\/v2\/posts\/93393\/revisions"}],"predecessor-version":[{"id":93395,"href":"https:\/\/www.egemtv.com\/index.php?rest_route=\/wp\/v2\/posts\/93393\/revisions\/93395"}],"wp:featuredmedia":[{"embeddable":true,"href":"https:\/\/www.egemtv.com\/index.php?rest_route=\/wp\/v2\/media\/93394"}],"wp:attachment":[{"href":"https:\/\/www.egemtv.com\/index.php?rest_route=%2Fwp%2Fv2%2Fmedia&parent=93393"}],"wp:term":[{"taxonomy":"category","embeddable":true,"href":"https:\/\/www.egemtv.com\/index.php?rest_route=%2Fwp%2Fv2%2Fcategories&post=93393"},{"taxonomy":"post_tag","embeddable":true,"href":"https:\/\/www.egemtv.com\/index.php?rest_route=%2Fwp%2Fv2%2Ftags&post=93393"}],"curies":[{"name":"wp","href":"https:\/\/api.w.org\/{rel}","templated":true}]}}