{"id":93390,"date":"2026-03-11T10:34:53","date_gmt":"2026-03-11T07:34:53","guid":{"rendered":"https:\/\/www.egemtv.com\/?p=93390"},"modified":"2026-03-11T10:34:54","modified_gmt":"2026-03-11T07:34:54","slug":"muglada-sanat-ve-maneviyat-bulustu","status":"publish","type":"post","link":"https:\/\/www.egemtv.com\/?p=93390","title":{"rendered":"Mu\u011fla\u2019da sanat ve maneviyat bulu\u015ftu"},"content":{"rendered":"<p>Mu\u011fla Valili\u011fi himayelerinde, \u0130l Milli E\u011fitim M\u00fcd\u00fcrl\u00fc\u011f\u00fc koordinasyonunda haz\u0131rlanan &#8220;Sanat\u0131n Diliyle De\u011ferlerimiz: Hat, Tezhip ve Ebru Eserleri Sergisi&#8221;, Yata\u011fan Millet Bah\u00e7esi\u2019nde d\u00fczenlenen g\u00f6rkemli bir t\u00f6renle kap\u0131lar\u0131n\u0131 a\u00e7t\u0131.<\/p>\n<p>Serginin a\u00e7\u0131l\u0131\u015f kurdelesini; Mu\u011fla Valisi Dr. \u0130dris Akb\u0131y\u0131k, Yata\u011fan Kaymakam\u0131 Turgay \u0130lhan, Yata\u011fan Belediye Ba\u015fkan\u0131 Mesut G\u00fcnay ve \u0130l Milli E\u011fitim M\u00fcd\u00fcr\u00fc Emre \u00c7ay protokol \u00fcyeleriyle birlikte kesti. A\u00e7\u0131l\u0131\u015fa sanat d\u00fcnyas\u0131ndan isimlerin yan\u0131 s\u0131ra usta \u00f6\u011freticiler, kursiyerler ve \u00e7ok say\u0131da vatanda\u015f kat\u0131ld\u0131.<\/p>\n<p>Sergi, Mu\u011fla\u2019n\u0131n 13 il\u00e7esindeki Halk E\u011fitimi Merkezleri ile Mu\u011fla Olgunla\u015fma Enstit\u00fcs\u00fc\u2019n\u00fcn ortak eme\u011fiyle ortaya \u00e7\u0131kt\u0131. \u00d6\u011fretmenler, usta \u00f6\u011freticiler ve kursiyerlerin uzun s\u00fcren titiz \u00e7al\u0131\u015fmalar\u0131 sonucunda haz\u0131rlanan hat, tezhip ve ebru eserleri, ziyaret\u00e7ilerden b\u00fcy\u00fck be\u011feni toplad\u0131.<\/p>\n<p>Eserleri tek tek inceleyen Vali Dr. \u0130dris Akb\u0131y\u0131k, \u00e7al\u0131\u015fmalar hakk\u0131nda Halk E\u011fitimi Merkezi m\u00fcd\u00fcrlerinden ve sanat\u00e7\u0131lardan bilgi ald\u0131. Geleneksel sanatlar\u0131m\u0131z\u0131n ya\u015fat\u0131lmas\u0131n\u0131n \u00f6nemine dikkat \u00e7ekilen etkinlikte, bu t\u00fcr sergilerin k\u00fclt\u00fcrel miras\u0131n sanat\u0131n estetik diliyle gelecek ku\u015faklara aktar\u0131lmas\u0131nda k\u00f6pr\u00fc g\u00f6revi g\u00f6rd\u00fc\u011f\u00fc vurguland\u0131.<br \/><\/p>\n","protected":false},"excerpt":{"rendered":"<p>Mu\u011fla Valili\u011fi himayelerinde, \u0130l Milli E\u011fitim M\u00fcd\u00fcrl\u00fc\u011f\u00fc koordinasyonunda haz\u0131rlanan &#8220;Sanat\u0131n Diliyle De\u011ferlerimiz: Hat, Tezhip ve Ebru Eserleri Sergisi&#8221;, Yata\u011fan Millet Bah\u00e7esi\u2019nde d\u00fczenlenen g\u00f6rkemli bir t\u00f6renle kap\u0131lar\u0131n\u0131 a\u00e7t\u0131. Serginin a\u00e7\u0131l\u0131\u015f kurdelesini; Mu\u011fla Valisi Dr. \u0130dris Akb\u0131y\u0131k, Yata\u011fan Kaymakam\u0131 Turgay \u0130lhan, Yata\u011fan Belediye Ba\u015fkan\u0131 Mesut G\u00fcnay ve \u0130l Milli E\u011fitim M\u00fcd\u00fcr\u00fc Emre \u00c7ay protokol \u00fcyeleriyle birlikte kesti&#8230;.<\/p>\n","protected":false},"author":1,"featured_media":93391,"comment_status":"open","ping_status":"open","sticky":false,"template":"","format":"standard","meta":{"_crdt_document":"","footnotes":""},"categories":[1],"tags":[],"class_list":["post-93390","post","type-post","status-publish","format-standard","has-post-thumbnail","hentry","category-guncel"],"_links":{"self":[{"href":"https:\/\/www.egemtv.com\/index.php?rest_route=\/wp\/v2\/posts\/93390","targetHints":{"allow":["GET"]}}],"collection":[{"href":"https:\/\/www.egemtv.com\/index.php?rest_route=\/wp\/v2\/posts"}],"about":[{"href":"https:\/\/www.egemtv.com\/index.php?rest_route=\/wp\/v2\/types\/post"}],"author":[{"embeddable":true,"href":"https:\/\/www.egemtv.com\/index.php?rest_route=\/wp\/v2\/users\/1"}],"replies":[{"embeddable":true,"href":"https:\/\/www.egemtv.com\/index.php?rest_route=%2Fwp%2Fv2%2Fcomments&post=93390"}],"version-history":[{"count":1,"href":"https:\/\/www.egemtv.com\/index.php?rest_route=\/wp\/v2\/posts\/93390\/revisions"}],"predecessor-version":[{"id":93392,"href":"https:\/\/www.egemtv.com\/index.php?rest_route=\/wp\/v2\/posts\/93390\/revisions\/93392"}],"wp:featuredmedia":[{"embeddable":true,"href":"https:\/\/www.egemtv.com\/index.php?rest_route=\/wp\/v2\/media\/93391"}],"wp:attachment":[{"href":"https:\/\/www.egemtv.com\/index.php?rest_route=%2Fwp%2Fv2%2Fmedia&parent=93390"}],"wp:term":[{"taxonomy":"category","embeddable":true,"href":"https:\/\/www.egemtv.com\/index.php?rest_route=%2Fwp%2Fv2%2Fcategories&post=93390"},{"taxonomy":"post_tag","embeddable":true,"href":"https:\/\/www.egemtv.com\/index.php?rest_route=%2Fwp%2Fv2%2Ftags&post=93390"}],"curies":[{"name":"wp","href":"https:\/\/api.w.org\/{rel}","templated":true}]}}