{"id":93387,"date":"2026-03-11T10:34:51","date_gmt":"2026-03-11T07:34:51","guid":{"rendered":"https:\/\/www.egemtv.com\/?p=93387"},"modified":"2026-03-11T10:34:53","modified_gmt":"2026-03-11T07:34:53","slug":"aydinda-18-duzensiz-gocmen-yakalandi-4-organizator-gozaltina-alindi","status":"publish","type":"post","link":"https:\/\/www.egemtv.com\/?p=93387","title":{"rendered":"Ayd\u0131n\u2019da 18 d\u00fczensiz g\u00f6\u00e7men yakaland\u0131, 4 organizat\u00f6r g\u00f6zalt\u0131na al\u0131nd\u0131"},"content":{"rendered":"<p>Ayd\u0131n\u2019\u0131n S\u00f6ke il\u00e7esi a\u00e7\u0131klar\u0131nda jandarma ekiplerince ger\u00e7ekle\u015ftirilen \u00e7al\u0131\u015fmada lastik bot i\u00e7erisindeki 18 d\u00fczensiz g\u00f6\u00e7men yakalan\u0131rken, organizat\u00f6r olduklar\u0131 de\u011ferlendirilen 4 \u015f\u00fcpheli g\u00f6zalt\u0131na al\u0131nd\u0131.<\/p>\n<p>Edinilen bilgiye g\u00f6re, Ayd\u0131n \u0130l Jandarma Komutanl\u0131\u011f\u0131 GK\u0130T \u015eube M\u00fcd\u00fcrl\u00fc\u011f\u00fc ile Didim \u0130l\u00e7e Jandarma Komutanl\u0131\u011f\u0131 ve S\u00f6ke \u0130l\u00e7e Jandarma Komutanl\u0131\u011f\u0131 ekiplerince Tuzburgaz\u0131 Mahallesi yak\u0131nlar\u0131nda, B\u00fcy\u00fck Menderes Nehrinin Ege Denizine d\u00f6k\u00fcld\u00fc\u011f\u00fc a\u00e7\u0131k alanda yap\u0131lan \u00e7al\u0131\u015fmada 1 adet lastik bot i\u00e7erisinde 18 Afrika uyruklu d\u00fczensiz g\u00f6\u00e7men yakaland\u0131. Y\u00fcr\u00fct\u00fclen \u00e7al\u0131\u015fmalar kapsam\u0131nda olay\u0131n organizat\u00f6rleri oldu\u011fu tespit edilen S.M. (45), M.\u015e. (38), A.A. (40) ve Y.M. (46) isimli 4 \u015f\u00fcpheli yakalanarak g\u00f6zalt\u0131na al\u0131nd\u0131. Operasyon kapsam\u0131nda 1 adet lastik bot ile 1 adet kamyonete el konulurken, olayla ilgili adli tahkikat ba\u015flat\u0131ld\u0131.<br \/><\/p>\n","protected":false},"excerpt":{"rendered":"<p>Ayd\u0131n\u2019\u0131n S\u00f6ke il\u00e7esi a\u00e7\u0131klar\u0131nda jandarma ekiplerince ger\u00e7ekle\u015ftirilen \u00e7al\u0131\u015fmada lastik bot i\u00e7erisindeki 18 d\u00fczensiz g\u00f6\u00e7men yakalan\u0131rken, organizat\u00f6r olduklar\u0131 de\u011ferlendirilen 4 \u015f\u00fcpheli g\u00f6zalt\u0131na al\u0131nd\u0131. Edinilen bilgiye g\u00f6re, Ayd\u0131n \u0130l Jandarma Komutanl\u0131\u011f\u0131 GK\u0130T \u015eube M\u00fcd\u00fcrl\u00fc\u011f\u00fc ile Didim \u0130l\u00e7e Jandarma Komutanl\u0131\u011f\u0131 ve S\u00f6ke \u0130l\u00e7e Jandarma Komutanl\u0131\u011f\u0131 ekiplerince Tuzburgaz\u0131 Mahallesi yak\u0131nlar\u0131nda, B\u00fcy\u00fck Menderes Nehrinin Ege Denizine d\u00f6k\u00fcld\u00fc\u011f\u00fc a\u00e7\u0131k alanda yap\u0131lan&#8230;<\/p>\n","protected":false},"author":1,"featured_media":93388,"comment_status":"open","ping_status":"open","sticky":false,"template":"","format":"standard","meta":{"_crdt_document":"","footnotes":""},"categories":[5],"tags":[],"class_list":["post-93387","post","type-post","status-publish","format-standard","has-post-thumbnail","hentry","category-asayis"],"_links":{"self":[{"href":"https:\/\/www.egemtv.com\/index.php?rest_route=\/wp\/v2\/posts\/93387","targetHints":{"allow":["GET"]}}],"collection":[{"href":"https:\/\/www.egemtv.com\/index.php?rest_route=\/wp\/v2\/posts"}],"about":[{"href":"https:\/\/www.egemtv.com\/index.php?rest_route=\/wp\/v2\/types\/post"}],"author":[{"embeddable":true,"href":"https:\/\/www.egemtv.com\/index.php?rest_route=\/wp\/v2\/users\/1"}],"replies":[{"embeddable":true,"href":"https:\/\/www.egemtv.com\/index.php?rest_route=%2Fwp%2Fv2%2Fcomments&post=93387"}],"version-history":[{"count":1,"href":"https:\/\/www.egemtv.com\/index.php?rest_route=\/wp\/v2\/posts\/93387\/revisions"}],"predecessor-version":[{"id":93389,"href":"https:\/\/www.egemtv.com\/index.php?rest_route=\/wp\/v2\/posts\/93387\/revisions\/93389"}],"wp:featuredmedia":[{"embeddable":true,"href":"https:\/\/www.egemtv.com\/index.php?rest_route=\/wp\/v2\/media\/93388"}],"wp:attachment":[{"href":"https:\/\/www.egemtv.com\/index.php?rest_route=%2Fwp%2Fv2%2Fmedia&parent=93387"}],"wp:term":[{"taxonomy":"category","embeddable":true,"href":"https:\/\/www.egemtv.com\/index.php?rest_route=%2Fwp%2Fv2%2Fcategories&post=93387"},{"taxonomy":"post_tag","embeddable":true,"href":"https:\/\/www.egemtv.com\/index.php?rest_route=%2Fwp%2Fv2%2Ftags&post=93387"}],"curies":[{"name":"wp","href":"https:\/\/api.w.org\/{rel}","templated":true}]}}