{"id":93384,"date":"2026-03-11T10:34:50","date_gmt":"2026-03-11T07:34:50","guid":{"rendered":"https:\/\/www.egemtv.com\/?p=93384"},"modified":"2026-03-11T10:34:51","modified_gmt":"2026-03-11T07:34:51","slug":"izmirde-yaban-domuzlari-gunduz-vakti-sokaklarda-yiyecek-aradi","status":"publish","type":"post","link":"https:\/\/www.egemtv.com\/?p=93384","title":{"rendered":"\u0130zmir\u2019de yaban domuzlar\u0131 g\u00fcnd\u00fcz vakti sokaklarda yiyecek arad\u0131"},"content":{"rendered":"<p>\u0130zmir\u2019de ormanl\u0131k alandan yerle\u015fim yerine inen yaban domuzu s\u00fcr\u00fcs\u00fc g\u00fcpeg\u00fcnd\u00fcz sokaklarda yiyecek arad\u0131. \u00c7\u00f6pleri kar\u0131\u015ft\u0131ran domuzlar\u0131 g\u00f6ren vatanda\u015flar b\u00fcy\u00fck \u015fa\u015fk\u0131nl\u0131k ya\u015fad\u0131.<br \/>\n<br \/>Do\u011fal ya\u015fam alanlar\u0131nda yiyecek bulmakta zorlanan yaban domuzlar\u0131, rotalar\u0131n\u0131 Bal\u00e7ova il\u00e7esine \u00e7evirdi. Yeti\u015fkin ve yavrulardan olu\u015fan bir domuz s\u00fcr\u00fcs\u00fc, g\u00fcnd\u00fcz vakti sokak aralar\u0131nda dola\u015ft\u0131. Evlerin aras\u0131na kadar giren domuzlar, \u00e7evredeki \u00e7\u00f6p konteynerlerini kar\u0131\u015ft\u0131rarak kar\u0131nlar\u0131n\u0131 doyurmaya \u00e7al\u0131\u015ft\u0131. S\u00fcr\u00fcn\u00fcn rahat tav\u0131rlar\u0131 ve insanlardan ka\u00e7mamalar\u0131 dikkat \u00e7ekti. Sokakta y\u00fcr\u00fcrken kar\u015f\u0131lar\u0131nda yaban domuzlar\u0131n\u0131 g\u00f6ren b\u00f6lge sakinleri k\u0131sa s\u00fcreli panik ya\u015fad\u0131. \u0130nsanlara ald\u0131r\u0131\u015f etmeyen domuzlar, uzun s\u00fcre \u00e7\u00f6plerde yiyecek arad\u0131ktan sonra g\u00f6zden kayboldu. O anlar, vatanda\u015flar taraf\u0131ndan cep telefonu kameralar\u0131yla kaydedildi.<br \/><\/p>\n","protected":false},"excerpt":{"rendered":"<p>\u0130zmir\u2019de ormanl\u0131k alandan yerle\u015fim yerine inen yaban domuzu s\u00fcr\u00fcs\u00fc g\u00fcpeg\u00fcnd\u00fcz sokaklarda yiyecek arad\u0131. \u00c7\u00f6pleri kar\u0131\u015ft\u0131ran domuzlar\u0131 g\u00f6ren vatanda\u015flar b\u00fcy\u00fck \u015fa\u015fk\u0131nl\u0131k ya\u015fad\u0131. Do\u011fal ya\u015fam alanlar\u0131nda yiyecek bulmakta zorlanan yaban domuzlar\u0131, rotalar\u0131n\u0131 Bal\u00e7ova il\u00e7esine \u00e7evirdi. Yeti\u015fkin ve yavrulardan olu\u015fan bir domuz s\u00fcr\u00fcs\u00fc, g\u00fcnd\u00fcz vakti sokak aralar\u0131nda dola\u015ft\u0131. Evlerin aras\u0131na kadar giren domuzlar, \u00e7evredeki \u00e7\u00f6p konteynerlerini kar\u0131\u015ft\u0131rarak kar\u0131nlar\u0131n\u0131&#8230;<\/p>\n","protected":false},"author":1,"featured_media":93385,"comment_status":"open","ping_status":"open","sticky":false,"template":"","format":"standard","meta":{"_crdt_document":"","footnotes":""},"categories":[1],"tags":[],"class_list":["post-93384","post","type-post","status-publish","format-standard","has-post-thumbnail","hentry","category-guncel"],"_links":{"self":[{"href":"https:\/\/www.egemtv.com\/index.php?rest_route=\/wp\/v2\/posts\/93384","targetHints":{"allow":["GET"]}}],"collection":[{"href":"https:\/\/www.egemtv.com\/index.php?rest_route=\/wp\/v2\/posts"}],"about":[{"href":"https:\/\/www.egemtv.com\/index.php?rest_route=\/wp\/v2\/types\/post"}],"author":[{"embeddable":true,"href":"https:\/\/www.egemtv.com\/index.php?rest_route=\/wp\/v2\/users\/1"}],"replies":[{"embeddable":true,"href":"https:\/\/www.egemtv.com\/index.php?rest_route=%2Fwp%2Fv2%2Fcomments&post=93384"}],"version-history":[{"count":1,"href":"https:\/\/www.egemtv.com\/index.php?rest_route=\/wp\/v2\/posts\/93384\/revisions"}],"predecessor-version":[{"id":93386,"href":"https:\/\/www.egemtv.com\/index.php?rest_route=\/wp\/v2\/posts\/93384\/revisions\/93386"}],"wp:featuredmedia":[{"embeddable":true,"href":"https:\/\/www.egemtv.com\/index.php?rest_route=\/wp\/v2\/media\/93385"}],"wp:attachment":[{"href":"https:\/\/www.egemtv.com\/index.php?rest_route=%2Fwp%2Fv2%2Fmedia&parent=93384"}],"wp:term":[{"taxonomy":"category","embeddable":true,"href":"https:\/\/www.egemtv.com\/index.php?rest_route=%2Fwp%2Fv2%2Fcategories&post=93384"},{"taxonomy":"post_tag","embeddable":true,"href":"https:\/\/www.egemtv.com\/index.php?rest_route=%2Fwp%2Fv2%2Ftags&post=93384"}],"curies":[{"name":"wp","href":"https:\/\/api.w.org\/{rel}","templated":true}]}}