{"id":93378,"date":"2026-03-11T10:34:47","date_gmt":"2026-03-11T07:34:47","guid":{"rendered":"https:\/\/www.egemtv.com\/?p=93378"},"modified":"2026-03-11T10:34:48","modified_gmt":"2026-03-11T07:34:48","slug":"burdurda-otomobil-ile-carpisan-motosikletlinin-yaralandigi-kaza-kamerada","status":"publish","type":"post","link":"https:\/\/www.egemtv.com\/?p=93378","title":{"rendered":"Burdur\u2019da otomobil ile \u00e7arp\u0131\u015fan motosikletlinin yaraland\u0131\u011f\u0131 kaza kamerada"},"content":{"rendered":"<p>Burdur\u2019un G\u00f6lhisar il\u00e7esinde otomobille \u00e7arp\u0131\u015fan motosikletlinin yaraland\u0131\u011f\u0131 kaza anlar\u0131 g\u00fcvenlik kameras\u0131na anbean yans\u0131d\u0131.<br \/>\n<br \/>Kaza, ak\u015fam saatlerinde G\u00f6lhisar il\u00e7esi Cumhuriyet Caddesi \u00fczerine meydana geldi. Edinilen bilgiye g\u00f6re, s\u00fcr\u00fcc\u00fcn\u00fcn \u00f6\u011frenilemeyen 15 HR 255 plakal\u0131 otomobil ile C.A.\u2019nin kulland\u0131\u011f\u0131 15 ADH 290 plakal\u0131 motosiklet \u00e7arp\u0131\u015ft\u0131. \u00c7arp\u0131\u015fman\u0131n etkisi park halindeki kamyonete \u00e7arpan motosiklet s\u00fcr\u00fcc\u00fcs\u00fc yaraland\u0131. Kaza ihbar\u0131 \u00fczerine adres sa\u011fl\u0131k ve polis ekipleri sevk edildi. Yaral\u0131 sa\u011fl\u0131k ekiplerince yap\u0131lan ilk m\u00fcdahalenin ard\u0131ndan ambulansla G\u00f6lhisar Devlet Hastanesine kald\u0131r\u0131larak tedavi alt\u0131na al\u0131nd\u0131. Yaral\u0131 s\u00fcr\u00fcc\u00fcn\u00fcn sa\u011fl\u0131k durumunun iyi oldu\u011fu \u00f6\u011frenilirken kaza an\u0131 \u00e7evredeki bir i\u015f yerinin g\u00fcvenlik kameras\u0131na saniye saniye yans\u0131d\u0131. G\u00f6r\u00fcnt\u00fclerde, otomobil s\u00fcr\u00fcc\u00fcs\u00fcn\u00fcn motosiklette \u00e7arpmas\u0131 ve ard\u0131ndan ya\u015fanan panik anlar\u0131 yer al\u0131yor.<br \/>\n<br \/>Kazayla ilgili tahkikat s\u00fcr\u00fcyor.<br \/><\/p>\n","protected":false},"excerpt":{"rendered":"<p>Burdur\u2019un G\u00f6lhisar il\u00e7esinde otomobille \u00e7arp\u0131\u015fan motosikletlinin yaraland\u0131\u011f\u0131 kaza anlar\u0131 g\u00fcvenlik kameras\u0131na anbean yans\u0131d\u0131. Kaza, ak\u015fam saatlerinde G\u00f6lhisar il\u00e7esi Cumhuriyet Caddesi \u00fczerine meydana geldi. Edinilen bilgiye g\u00f6re, s\u00fcr\u00fcc\u00fcn\u00fcn \u00f6\u011frenilemeyen 15 HR 255 plakal\u0131 otomobil ile C.A.\u2019nin kulland\u0131\u011f\u0131 15 ADH 290 plakal\u0131 motosiklet \u00e7arp\u0131\u015ft\u0131. \u00c7arp\u0131\u015fman\u0131n etkisi park halindeki kamyonete \u00e7arpan motosiklet s\u00fcr\u00fcc\u00fcs\u00fc yaraland\u0131. Kaza ihbar\u0131 \u00fczerine adres&#8230;<\/p>\n","protected":false},"author":1,"featured_media":93379,"comment_status":"open","ping_status":"open","sticky":false,"template":"","format":"standard","meta":{"_crdt_document":"","footnotes":""},"categories":[5],"tags":[],"class_list":["post-93378","post","type-post","status-publish","format-standard","has-post-thumbnail","hentry","category-asayis"],"_links":{"self":[{"href":"https:\/\/www.egemtv.com\/index.php?rest_route=\/wp\/v2\/posts\/93378","targetHints":{"allow":["GET"]}}],"collection":[{"href":"https:\/\/www.egemtv.com\/index.php?rest_route=\/wp\/v2\/posts"}],"about":[{"href":"https:\/\/www.egemtv.com\/index.php?rest_route=\/wp\/v2\/types\/post"}],"author":[{"embeddable":true,"href":"https:\/\/www.egemtv.com\/index.php?rest_route=\/wp\/v2\/users\/1"}],"replies":[{"embeddable":true,"href":"https:\/\/www.egemtv.com\/index.php?rest_route=%2Fwp%2Fv2%2Fcomments&post=93378"}],"version-history":[{"count":1,"href":"https:\/\/www.egemtv.com\/index.php?rest_route=\/wp\/v2\/posts\/93378\/revisions"}],"predecessor-version":[{"id":93380,"href":"https:\/\/www.egemtv.com\/index.php?rest_route=\/wp\/v2\/posts\/93378\/revisions\/93380"}],"wp:featuredmedia":[{"embeddable":true,"href":"https:\/\/www.egemtv.com\/index.php?rest_route=\/wp\/v2\/media\/93379"}],"wp:attachment":[{"href":"https:\/\/www.egemtv.com\/index.php?rest_route=%2Fwp%2Fv2%2Fmedia&parent=93378"}],"wp:term":[{"taxonomy":"category","embeddable":true,"href":"https:\/\/www.egemtv.com\/index.php?rest_route=%2Fwp%2Fv2%2Fcategories&post=93378"},{"taxonomy":"post_tag","embeddable":true,"href":"https:\/\/www.egemtv.com\/index.php?rest_route=%2Fwp%2Fv2%2Ftags&post=93378"}],"curies":[{"name":"wp","href":"https:\/\/api.w.org\/{rel}","templated":true}]}}