{"id":93375,"date":"2026-03-11T10:14:38","date_gmt":"2026-03-11T07:14:38","guid":{"rendered":"https:\/\/www.egemtv.com\/?p=93375"},"modified":"2026-03-11T10:14:40","modified_gmt":"2026-03-11T07:14:40","slug":"nazillide-1-milyon-tl-degerinde-taklit-zeytinyagi-ele-gecirildi","status":"publish","type":"post","link":"https:\/\/www.egemtv.com\/?p=93375","title":{"rendered":"Nazilli\u2019de 1 milyon TL de\u011ferinde taklit zeytinya\u011f\u0131 ele ge\u00e7irildi"},"content":{"rendered":"<p>Ayd\u0131n\u2019\u0131n Nazilli il\u00e7esinde \u015f\u00fcphe \u00fczerine durdurulan bir ara\u00e7 i\u00e7erisinde piyasa de\u011feri yakla\u015f\u0131k 1 milyon 450 bin TL olan taklit zeytinya\u011f\u0131 ele ge\u00e7irildi.<\/p>\n<p>Edinilen bilgiye g\u00f6re Ayd\u0131n \u0130l Jandarma Komutanl\u0131\u011f\u0131 KOM \u015eube M\u00fcd\u00fcrl\u00fc\u011f\u00fc ekiplerince Nazilli il\u00e7esi otoyol gi\u015felerinde \u015f\u00fcpheli hareketler sergileyen bir ara\u00e7 durduruldu. Ara\u00e7ta yap\u0131lan aramada piyasaya s\u00fcr\u00fclmek \u00fczere ta\u015f\u0131nd\u0131\u011f\u0131 de\u011ferlendirilen 942 litre taklit zeytinya\u011f\u0131 ele ge\u00e7irildi. Ele ge\u00e7irilen \u00fcr\u00fcnlerin piyasa de\u011ferinin yakla\u015f\u0131k 1 milyon 450 bin TL oldu\u011fu belirlenirken, olayla ilgili 2 \u015f\u00fcpheli yakalanarak g\u00f6zalt\u0131na al\u0131nd\u0131. \u015e\u00fcpheliler haklar\u0131nda adli ve idari i\u015flemler ba\u015flat\u0131ld\u0131.<br \/><\/p>\n","protected":false},"excerpt":{"rendered":"<p>Ayd\u0131n\u2019\u0131n Nazilli il\u00e7esinde \u015f\u00fcphe \u00fczerine durdurulan bir ara\u00e7 i\u00e7erisinde piyasa de\u011feri yakla\u015f\u0131k 1 milyon 450 bin TL olan taklit zeytinya\u011f\u0131 ele ge\u00e7irildi. Edinilen bilgiye g\u00f6re Ayd\u0131n \u0130l Jandarma Komutanl\u0131\u011f\u0131 KOM \u015eube M\u00fcd\u00fcrl\u00fc\u011f\u00fc ekiplerince Nazilli il\u00e7esi otoyol gi\u015felerinde \u015f\u00fcpheli hareketler sergileyen bir ara\u00e7 durduruldu. Ara\u00e7ta yap\u0131lan aramada piyasaya s\u00fcr\u00fclmek \u00fczere ta\u015f\u0131nd\u0131\u011f\u0131 de\u011ferlendirilen 942 litre taklit zeytinya\u011f\u0131&#8230;<\/p>\n","protected":false},"author":1,"featured_media":93376,"comment_status":"open","ping_status":"open","sticky":false,"template":"","format":"standard","meta":{"_crdt_document":"","footnotes":""},"categories":[5],"tags":[],"class_list":["post-93375","post","type-post","status-publish","format-standard","has-post-thumbnail","hentry","category-asayis"],"_links":{"self":[{"href":"https:\/\/www.egemtv.com\/index.php?rest_route=\/wp\/v2\/posts\/93375","targetHints":{"allow":["GET"]}}],"collection":[{"href":"https:\/\/www.egemtv.com\/index.php?rest_route=\/wp\/v2\/posts"}],"about":[{"href":"https:\/\/www.egemtv.com\/index.php?rest_route=\/wp\/v2\/types\/post"}],"author":[{"embeddable":true,"href":"https:\/\/www.egemtv.com\/index.php?rest_route=\/wp\/v2\/users\/1"}],"replies":[{"embeddable":true,"href":"https:\/\/www.egemtv.com\/index.php?rest_route=%2Fwp%2Fv2%2Fcomments&post=93375"}],"version-history":[{"count":1,"href":"https:\/\/www.egemtv.com\/index.php?rest_route=\/wp\/v2\/posts\/93375\/revisions"}],"predecessor-version":[{"id":93377,"href":"https:\/\/www.egemtv.com\/index.php?rest_route=\/wp\/v2\/posts\/93375\/revisions\/93377"}],"wp:featuredmedia":[{"embeddable":true,"href":"https:\/\/www.egemtv.com\/index.php?rest_route=\/wp\/v2\/media\/93376"}],"wp:attachment":[{"href":"https:\/\/www.egemtv.com\/index.php?rest_route=%2Fwp%2Fv2%2Fmedia&parent=93375"}],"wp:term":[{"taxonomy":"category","embeddable":true,"href":"https:\/\/www.egemtv.com\/index.php?rest_route=%2Fwp%2Fv2%2Fcategories&post=93375"},{"taxonomy":"post_tag","embeddable":true,"href":"https:\/\/www.egemtv.com\/index.php?rest_route=%2Fwp%2Fv2%2Ftags&post=93375"}],"curies":[{"name":"wp","href":"https:\/\/api.w.org\/{rel}","templated":true}]}}