{"id":93372,"date":"2026-03-11T10:14:36","date_gmt":"2026-03-11T07:14:36","guid":{"rendered":"https:\/\/www.egemtv.com\/?p=93372"},"modified":"2026-03-11T10:14:37","modified_gmt":"2026-03-11T07:14:37","slug":"kampus-iftarlarinda-birlik-beraberlik-ruhu","status":"publish","type":"post","link":"https:\/\/www.egemtv.com\/?p=93372","title":{"rendered":"Kamp\u00fcs iftarlar\u0131nda birlik beraberlik ruhu"},"content":{"rendered":"<p>Gen\u00e7lik Hizmetleri Genel M\u00fcd\u00fcrl\u00fc\u011f\u00fc taraf\u0131ndan ba\u015flat\u0131lan &#8220;Kamp\u00fcs \u0130ftarlar\u0131&#8221; program\u0131 kapsam\u0131nda, Mu\u011fla\u2019da \u00fcniversiteli gen\u00e7ler ve protokol \u00fcyeleri iftar sofras\u0131nda bir araya gelerek Ramazan\u2019\u0131n bereketini payla\u015ft\u0131.<\/p>\n<p>Gen\u00e7lik Hizmetleri Genel M\u00fcd\u00fcrl\u00fc\u011f\u00fc\u2019n\u00fcn gen\u00e7lerle ba\u011flar\u0131 g\u00fc\u00e7lendirmek ve Ramazan ay\u0131n\u0131n manevi atmosferini kamp\u00fcslere ta\u015f\u0131mak amac\u0131yla d\u00fczenledi\u011fi &#8220;Kamp\u00fcs \u0130ftarlar\u0131&#8221; program\u0131, Mu\u011fla Uluslararas\u0131 Gen\u00e7lik Merkezi\u2019nde yo\u011fun bir kat\u0131l\u0131mla ger\u00e7ekle\u015ftirildi.<\/p>\n<p>Uluslararas\u0131 Gen\u00e7lik Merkezi\u2019nin ev sahipli\u011fi yapt\u0131\u011f\u0131 iftar program\u0131na; Uluslararas\u0131 Projeler Daire Ba\u015fkan\u0131 Feyyaz Soydo\u011fan, \u0130leti\u015fim Koordinat\u00f6r\u00fc Nevruz \u00d6zbay, Gen\u00e7lik ve Spor \u0130l M\u00fcd\u00fcr\u00fc Kaz\u0131m A\u00e7\u0131kba\u015f, kurum y\u00f6neticileri, gen\u00e7lik liderleri ve \u00e7ok say\u0131da \u00fcniversite \u00f6\u011frencisi kat\u0131ld\u0131.<\/p>\n<p>Ezan\u0131n okunmas\u0131yla birlikte ayn\u0131 sofrada oru\u00e7lar\u0131n\u0131 a\u00e7an gen\u00e7ler ve protokol \u00fcyeleri, samimi bir ortamda sohbet etme imkan\u0131 buldu. Birlik, beraberlik ve dayan\u0131\u015fman\u0131n en g\u00fczel \u00f6rneklerinden birinin sergilendi\u011fi gecede, gen\u00e7lerin talep ve \u00f6nerileri dinlenirken, Gen\u00e7lik Hizmetleri\u2019nin projeleri \u00fczerine fikir al\u0131\u015fveri\u015finde bulunuldu.<\/p>\n<p>\u0130l M\u00fcd\u00fcr\u00fc Kaz\u0131m A\u00e7\u0131kba\u015f ve beraberindeki heyet, iftar sonras\u0131 yapt\u0131klar\u0131 de\u011ferlendirmede, bu t\u00fcr bulu\u015fmalar\u0131n gen\u00e7lerle olan g\u00f6n\u00fcl ba\u011f\u0131n\u0131 daha da sa\u011flamla\u015ft\u0131rd\u0131\u011f\u0131n\u0131 ifade ettiler. Ramazan ay\u0131n\u0131n ruhuna uygun \u015fekilde payla\u015f\u0131lan sofralar\u0131n, \u00fcniversite gen\u00e7li\u011fi aras\u0131ndaki dayan\u0131\u015fmay\u0131 art\u0131rd\u0131\u011f\u0131na dikkat \u00e7ekildi.<\/p>\n<p>Program, iftar sonras\u0131nda gen\u00e7lik merkezinde ger\u00e7ekle\u015ftirilen s\u0131cak \u00e7ay sohbeti ve \u00e7ekilen hat\u0131ra foto\u011fraflar\u0131yla sona erdi.<br \/><\/p>\n","protected":false},"excerpt":{"rendered":"<p>Gen\u00e7lik Hizmetleri Genel M\u00fcd\u00fcrl\u00fc\u011f\u00fc taraf\u0131ndan ba\u015flat\u0131lan &#8220;Kamp\u00fcs \u0130ftarlar\u0131&#8221; program\u0131 kapsam\u0131nda, Mu\u011fla\u2019da \u00fcniversiteli gen\u00e7ler ve protokol \u00fcyeleri iftar sofras\u0131nda bir araya gelerek Ramazan\u2019\u0131n bereketini payla\u015ft\u0131. Gen\u00e7lik Hizmetleri Genel M\u00fcd\u00fcrl\u00fc\u011f\u00fc\u2019n\u00fcn gen\u00e7lerle ba\u011flar\u0131 g\u00fc\u00e7lendirmek ve Ramazan ay\u0131n\u0131n manevi atmosferini kamp\u00fcslere ta\u015f\u0131mak amac\u0131yla d\u00fczenledi\u011fi &#8220;Kamp\u00fcs \u0130ftarlar\u0131&#8221; program\u0131, Mu\u011fla Uluslararas\u0131 Gen\u00e7lik Merkezi\u2019nde yo\u011fun bir kat\u0131l\u0131mla ger\u00e7ekle\u015ftirildi. Uluslararas\u0131 Gen\u00e7lik Merkezi\u2019nin ev&#8230;<\/p>\n","protected":false},"author":1,"featured_media":93373,"comment_status":"open","ping_status":"open","sticky":false,"template":"","format":"standard","meta":{"_crdt_document":"","footnotes":""},"categories":[1],"tags":[],"class_list":["post-93372","post","type-post","status-publish","format-standard","has-post-thumbnail","hentry","category-guncel"],"_links":{"self":[{"href":"https:\/\/www.egemtv.com\/index.php?rest_route=\/wp\/v2\/posts\/93372","targetHints":{"allow":["GET"]}}],"collection":[{"href":"https:\/\/www.egemtv.com\/index.php?rest_route=\/wp\/v2\/posts"}],"about":[{"href":"https:\/\/www.egemtv.com\/index.php?rest_route=\/wp\/v2\/types\/post"}],"author":[{"embeddable":true,"href":"https:\/\/www.egemtv.com\/index.php?rest_route=\/wp\/v2\/users\/1"}],"replies":[{"embeddable":true,"href":"https:\/\/www.egemtv.com\/index.php?rest_route=%2Fwp%2Fv2%2Fcomments&post=93372"}],"version-history":[{"count":1,"href":"https:\/\/www.egemtv.com\/index.php?rest_route=\/wp\/v2\/posts\/93372\/revisions"}],"predecessor-version":[{"id":93374,"href":"https:\/\/www.egemtv.com\/index.php?rest_route=\/wp\/v2\/posts\/93372\/revisions\/93374"}],"wp:featuredmedia":[{"embeddable":true,"href":"https:\/\/www.egemtv.com\/index.php?rest_route=\/wp\/v2\/media\/93373"}],"wp:attachment":[{"href":"https:\/\/www.egemtv.com\/index.php?rest_route=%2Fwp%2Fv2%2Fmedia&parent=93372"}],"wp:term":[{"taxonomy":"category","embeddable":true,"href":"https:\/\/www.egemtv.com\/index.php?rest_route=%2Fwp%2Fv2%2Fcategories&post=93372"},{"taxonomy":"post_tag","embeddable":true,"href":"https:\/\/www.egemtv.com\/index.php?rest_route=%2Fwp%2Fv2%2Ftags&post=93372"}],"curies":[{"name":"wp","href":"https:\/\/api.w.org\/{rel}","templated":true}]}}