{"id":93369,"date":"2026-03-11T09:34:45","date_gmt":"2026-03-11T06:34:45","guid":{"rendered":"https:\/\/www.egemtv.com\/?p=93369"},"modified":"2026-03-11T09:34:46","modified_gmt":"2026-03-11T06:34:46","slug":"denizlide-800-ogrenci-ramazan-coskusunu-yasadi","status":"publish","type":"post","link":"https:\/\/www.egemtv.com\/?p=93369","title":{"rendered":"Denizli\u2019de 800 \u00f6\u011frenci Ramazan co\u015fkusunu ya\u015fad\u0131"},"content":{"rendered":"<p>Denizli Valisi Yavuz Selim K\u00f6\u015fger, Milli E\u011fitim Bakanl\u0131\u011f\u0131 taraf\u0131ndan d\u00fczenlenen &#8220;Maarifin Kalbinde Ramazan&#8221; etkinliklerine kat\u0131larak ilkokul \u00f6\u011frencileriyle bir araya geldi. 32 ilkokuldan 800 \u00f6\u011frencinin kat\u0131ld\u0131\u011f\u0131 \u015fenlikte \u00e7ocuklar hem e\u011flendi hem de Ramazan\u2019\u0131n manevi de\u011ferlerini ya\u015fayarak \u00f6\u011frendi.<\/p>\n<p>Denizli Valisi Yavuz Selim K\u00f6\u015fger, Milli E\u011fitim Bakanl\u0131\u011f\u0131nca T\u00fcrkiye Y\u00fczy\u0131l\u0131 Maarif Modeli kapsam\u0131nda d\u00fczenlenen &#8220;Maarifin Kalbinde Ramazan&#8221; \u015fenliklerine kat\u0131ld\u0131. \u0130lkokul \u00f6\u011frencilerinin kat\u0131l\u0131m\u0131yla ger\u00e7ekle\u015ftirilen etkinlik, Denizli\u2019de Ya\u015far K\u0131m\u0131l Fen Lisesi Spor Salonu\u2019nda d\u00fczenlendi. Ramazan ay\u0131n\u0131n manevi atmosferini ya\u015fatmak, toplumsal dayan\u0131\u015fma ve payla\u015fma k\u00fclt\u00fcr\u00fcn\u00fc g\u00fc\u00e7lendirmek, mill\u00ee ve manevi de\u011ferleri yeni nesillere aktarmak amac\u0131yla 81 ilde ger\u00e7ekle\u015ftirilen etkinlikler Denizli\u2019de de yo\u011fun kat\u0131l\u0131mla yap\u0131ld\u0131. Merkezefendi ve Pamukkale il\u00e7elerinden 32 ilkokuldan toplam 800 \u00f6\u011frencinin kat\u0131ld\u0131\u011f\u0131 \u015fenlikte minikler unutulmaz bir g\u00fcn ya\u015fad\u0131.<\/p>\n<p>Etkinlik alan\u0131n\u0131 gezen Vali K\u00f6\u015fger, \u00f6\u011frencilerle sohbet ederek onlar\u0131n Ramazan heyecan\u0131na ortak oldu. Program\u0131n ard\u0131ndan a\u00e7\u0131klamalarda bulunan Vali K\u00f6\u015fger, bu t\u00fcr etkinliklerin \u00e7ocuklar\u0131n de\u011ferler e\u011fitimi a\u00e7\u0131s\u0131ndan b\u00fcy\u00fck \u00f6nem ta\u015f\u0131d\u0131\u011f\u0131n\u0131 vurgulad\u0131.<br \/>\n<br \/>\u00c7ocuklar\u0131n iyilik, yard\u0131mla\u015fma, ahlak ve erdem gibi de\u011ferleri ya\u015fayarak \u00f6\u011frenmesinin son derece k\u0131ymetli oldu\u011funu belirten Vali K\u00f6\u015fger, &#8220;Bu etkinliklerde \u00e7ocuklar\u0131m\u0131z hem e\u011fleniyor hem de \u00f6\u011freniyor. E\u011flenerek yap\u0131lan e\u011fitim ak\u0131lda \u00e7ok daha kal\u0131c\u0131 oluyor. Bu t\u00fcr \u00e7al\u0131\u015fmalar\u0131n \u00e7ocuklar\u0131m\u0131z\u0131n ki\u015filik ve \u015fahsiyetlerinin olu\u015fmas\u0131na \u00f6nemli katk\u0131lar sa\u011flayaca\u011f\u0131na inan\u0131yorum&#8221; dedi.<\/p>\n<p>T\u00fcrkiye Y\u00fczy\u0131l\u0131 Maarif Modeli kapsam\u0131nda ger\u00e7ekle\u015ftirilen bu t\u00fcr etkinliklerin e\u011fitim s\u00fcrecinin \u00f6nemli bir par\u00e7as\u0131 oldu\u011funu ifade eden Vali K\u00f6\u015fger, \u00e7ocuklar\u0131n iyi bir birey ve de\u011ferlerine ba\u011fl\u0131 bir vatanda\u015f olarak yeti\u015fmesinin b\u00fcy\u00fck \u00f6nem ta\u015f\u0131d\u0131\u011f\u0131n\u0131 dile getirdi.<br \/>\n<br \/>\u015eenlikte Nasreddin Hoca ile Ramazan Masallar\u0131, Ramazan \u015fark\u0131lar\u0131, Ramazan Soka\u011f\u0131 at\u00f6lye \u00e7al\u0131\u015fmalar\u0131 ile foto\u011fraf ve hat\u0131ra alanlar\u0131 gibi bir\u00e7ok etkinlik ger\u00e7ekle\u015ftirildi.<br \/>\n<br \/>Programa Vali K\u00f6\u015fger\u2019in yan\u0131 s\u0131ra Vali Yard\u0131mc\u0131s\u0131 Baha Ba\u015f\u00e7elik, Pamukkale Kaymakam\u0131 U\u011fur Bulut ve \u0130l Mill\u00ee E\u011fitim M\u00fcd\u00fcr\u00fc Emre \u00c7al\u0131\u015fkan da kat\u0131ld\u0131.<br \/><\/p>\n","protected":false},"excerpt":{"rendered":"<p>Denizli Valisi Yavuz Selim K\u00f6\u015fger, Milli E\u011fitim Bakanl\u0131\u011f\u0131 taraf\u0131ndan d\u00fczenlenen &#8220;Maarifin Kalbinde Ramazan&#8221; etkinliklerine kat\u0131larak ilkokul \u00f6\u011frencileriyle bir araya geldi. 32 ilkokuldan 800 \u00f6\u011frencinin kat\u0131ld\u0131\u011f\u0131 \u015fenlikte \u00e7ocuklar hem e\u011flendi hem de Ramazan\u2019\u0131n manevi de\u011ferlerini ya\u015fayarak \u00f6\u011frendi. Denizli Valisi Yavuz Selim K\u00f6\u015fger, Milli E\u011fitim Bakanl\u0131\u011f\u0131nca T\u00fcrkiye Y\u00fczy\u0131l\u0131 Maarif Modeli kapsam\u0131nda d\u00fczenlenen &#8220;Maarifin Kalbinde Ramazan&#8221; \u015fenliklerine kat\u0131ld\u0131&#8230;.<\/p>\n","protected":false},"author":1,"featured_media":93370,"comment_status":"open","ping_status":"open","sticky":false,"template":"","format":"standard","meta":{"_crdt_document":"","footnotes":""},"categories":[1],"tags":[],"class_list":["post-93369","post","type-post","status-publish","format-standard","has-post-thumbnail","hentry","category-guncel"],"_links":{"self":[{"href":"https:\/\/www.egemtv.com\/index.php?rest_route=\/wp\/v2\/posts\/93369","targetHints":{"allow":["GET"]}}],"collection":[{"href":"https:\/\/www.egemtv.com\/index.php?rest_route=\/wp\/v2\/posts"}],"about":[{"href":"https:\/\/www.egemtv.com\/index.php?rest_route=\/wp\/v2\/types\/post"}],"author":[{"embeddable":true,"href":"https:\/\/www.egemtv.com\/index.php?rest_route=\/wp\/v2\/users\/1"}],"replies":[{"embeddable":true,"href":"https:\/\/www.egemtv.com\/index.php?rest_route=%2Fwp%2Fv2%2Fcomments&post=93369"}],"version-history":[{"count":1,"href":"https:\/\/www.egemtv.com\/index.php?rest_route=\/wp\/v2\/posts\/93369\/revisions"}],"predecessor-version":[{"id":93371,"href":"https:\/\/www.egemtv.com\/index.php?rest_route=\/wp\/v2\/posts\/93369\/revisions\/93371"}],"wp:featuredmedia":[{"embeddable":true,"href":"https:\/\/www.egemtv.com\/index.php?rest_route=\/wp\/v2\/media\/93370"}],"wp:attachment":[{"href":"https:\/\/www.egemtv.com\/index.php?rest_route=%2Fwp%2Fv2%2Fmedia&parent=93369"}],"wp:term":[{"taxonomy":"category","embeddable":true,"href":"https:\/\/www.egemtv.com\/index.php?rest_route=%2Fwp%2Fv2%2Fcategories&post=93369"},{"taxonomy":"post_tag","embeddable":true,"href":"https:\/\/www.egemtv.com\/index.php?rest_route=%2Fwp%2Fv2%2Ftags&post=93369"}],"curies":[{"name":"wp","href":"https:\/\/api.w.org\/{rel}","templated":true}]}}