{"id":93366,"date":"2026-03-11T09:34:44","date_gmt":"2026-03-11T06:34:44","guid":{"rendered":"https:\/\/www.egemtv.com\/?p=93366"},"modified":"2026-03-11T09:34:45","modified_gmt":"2026-03-11T06:34:45","slug":"camelinin-sarikavak-mahallesinde-ramazan-bereketi-iftar-sofrasinda-paylasildi","status":"publish","type":"post","link":"https:\/\/www.egemtv.com\/?p=93366","title":{"rendered":"\u00c7ameli\u2019nin Sar\u0131kavak Mahallesi\u2019nde Ramazan bereketi iftar sofras\u0131nda payla\u015f\u0131ld\u0131"},"content":{"rendered":"<p>\u00c7ameli Belediyesi ile Sar\u0131kavak Mahallesi sakinlerinin katk\u0131lar\u0131yla d\u00fczenlenen iftar program\u0131nda vatanda\u015flar ayn\u0131 sofrada bulu\u015ftu. Ramazan\u2019\u0131n birlik ve beraberlik ruhunun ya\u015fand\u0131\u011f\u0131 programa il\u00e7e protokol\u00fc ve \u00e7ok say\u0131da vatanda\u015f kat\u0131ld\u0131.<\/p>\n<p>Denizli\u2019nin \u00c7ameli il\u00e7esine ba\u011fl\u0131 Sar\u0131kavak Mahallesi\u2019nde, \u00c7ameli Belediyesi ile mahalle sakinlerinin katk\u0131lar\u0131yla haz\u0131rlanan iftar sofras\u0131nda vatanda\u015flar bir araya geldi. Ramazan ay\u0131n\u0131n bereketi ve manevi atmosferi, ayn\u0131 sofrada bulu\u015fan vatanda\u015flar\u0131n yapt\u0131\u011f\u0131 dualarla payla\u015f\u0131ld\u0131. Yo\u011fun kat\u0131l\u0131mla ger\u00e7ekle\u015fen iftar program\u0131nda birlik, beraberlik ve dayan\u0131\u015fma duygular\u0131 \u00f6n plana \u00e7\u0131kt\u0131. Mahalle halk\u0131 ile protokol \u00fcyeleri ayn\u0131 sofrada bulu\u015farak Ramazan ay\u0131n\u0131n huzurunu ve payla\u015fma k\u00fclt\u00fcr\u00fcn\u00fc birlikte ya\u015fad\u0131. Programa; \u00c7ameli Kaymakam\u0131 Mustafa \u00c7elik, \u00c7ameli Belediye Ba\u015fkan\u0131 Cengiz Arslan, \u00c7ameli Orman \u0130\u015fletme M\u00fcd\u00fcr\u00fc Erol G\u00fcner, AK Parti \u00c7ameli \u0130l\u00e7e Ba\u015fkan\u0131 Cengiz Y\u0131lmaz, MHP \u00c7ameli \u0130l\u00e7e Ba\u015fkan\u0131 Murat Gen\u00e7 ile belediye meclis \u00fcyeleri kat\u0131ld\u0131.<\/p>\n<p>\u0130ftar program\u0131n\u0131n ard\u0131ndan konu\u015fan \u00c7ameli Belediye Ba\u015fkan\u0131 Cengiz Arslan, Ramazan ay\u0131n\u0131n birlik ve beraberli\u011fi peki\u015ftiren \u00f6nemli bir zaman oldu\u011funu belirterek, bu g\u00fczel organizasyona katk\u0131 sunan mahalle sakinlerine te\u015fekk\u00fcr etti. Ba\u015fkan Arslan ayr\u0131ca ev sahipli\u011finden dolay\u0131 Sar\u0131kavak Mahallesi Muhtar\u0131 Mehmet Dal\u2019a te\u015fekk\u00fcr ederek, iftar sofras\u0131na kat\u0131larak bu anlaml\u0131 ak\u015fam\u0131 payla\u015fan t\u00fcm vatanda\u015flara \u015f\u00fckranlar\u0131n\u0131 sundu.<br \/><\/p>\n","protected":false},"excerpt":{"rendered":"<p>\u00c7ameli Belediyesi ile Sar\u0131kavak Mahallesi sakinlerinin katk\u0131lar\u0131yla d\u00fczenlenen iftar program\u0131nda vatanda\u015flar ayn\u0131 sofrada bulu\u015ftu. Ramazan\u2019\u0131n birlik ve beraberlik ruhunun ya\u015fand\u0131\u011f\u0131 programa il\u00e7e protokol\u00fc ve \u00e7ok say\u0131da vatanda\u015f kat\u0131ld\u0131. Denizli\u2019nin \u00c7ameli il\u00e7esine ba\u011fl\u0131 Sar\u0131kavak Mahallesi\u2019nde, \u00c7ameli Belediyesi ile mahalle sakinlerinin katk\u0131lar\u0131yla haz\u0131rlanan iftar sofras\u0131nda vatanda\u015flar bir araya geldi. Ramazan ay\u0131n\u0131n bereketi ve manevi atmosferi, ayn\u0131 sofrada&#8230;<\/p>\n","protected":false},"author":1,"featured_media":93367,"comment_status":"open","ping_status":"open","sticky":false,"template":"","format":"standard","meta":{"_crdt_document":"","footnotes":""},"categories":[1],"tags":[],"class_list":["post-93366","post","type-post","status-publish","format-standard","has-post-thumbnail","hentry","category-guncel"],"_links":{"self":[{"href":"https:\/\/www.egemtv.com\/index.php?rest_route=\/wp\/v2\/posts\/93366","targetHints":{"allow":["GET"]}}],"collection":[{"href":"https:\/\/www.egemtv.com\/index.php?rest_route=\/wp\/v2\/posts"}],"about":[{"href":"https:\/\/www.egemtv.com\/index.php?rest_route=\/wp\/v2\/types\/post"}],"author":[{"embeddable":true,"href":"https:\/\/www.egemtv.com\/index.php?rest_route=\/wp\/v2\/users\/1"}],"replies":[{"embeddable":true,"href":"https:\/\/www.egemtv.com\/index.php?rest_route=%2Fwp%2Fv2%2Fcomments&post=93366"}],"version-history":[{"count":1,"href":"https:\/\/www.egemtv.com\/index.php?rest_route=\/wp\/v2\/posts\/93366\/revisions"}],"predecessor-version":[{"id":93368,"href":"https:\/\/www.egemtv.com\/index.php?rest_route=\/wp\/v2\/posts\/93366\/revisions\/93368"}],"wp:featuredmedia":[{"embeddable":true,"href":"https:\/\/www.egemtv.com\/index.php?rest_route=\/wp\/v2\/media\/93367"}],"wp:attachment":[{"href":"https:\/\/www.egemtv.com\/index.php?rest_route=%2Fwp%2Fv2%2Fmedia&parent=93366"}],"wp:term":[{"taxonomy":"category","embeddable":true,"href":"https:\/\/www.egemtv.com\/index.php?rest_route=%2Fwp%2Fv2%2Fcategories&post=93366"},{"taxonomy":"post_tag","embeddable":true,"href":"https:\/\/www.egemtv.com\/index.php?rest_route=%2Fwp%2Fv2%2Ftags&post=93366"}],"curies":[{"name":"wp","href":"https:\/\/api.w.org\/{rel}","templated":true}]}}