{"id":93363,"date":"2026-03-11T09:34:42","date_gmt":"2026-03-11T06:34:42","guid":{"rendered":"https:\/\/www.egemtv.com\/?p=93363"},"modified":"2026-03-11T09:34:43","modified_gmt":"2026-03-11T06:34:43","slug":"orman-yanginlarina-karsi-tedbirler-alinmaya-basladi","status":"publish","type":"post","link":"https:\/\/www.egemtv.com\/?p=93363","title":{"rendered":"Orman yang\u0131nlar\u0131na kar\u015f\u0131 tedbirler al\u0131nmaya ba\u015flad\u0131"},"content":{"rendered":"<p>Manisa\u2019n\u0131n Sar\u0131g\u00f6l il\u00e7esinde yakla\u015fan bahar ve yaz aylar\u0131 \u00f6ncesinde olabilecek orman yang\u0131nlar\u0131na kar\u015f\u0131 al\u0131nacak \u00f6nlemler masaya yat\u0131r\u0131ld\u0131. Kaymakam Halil Dalak ba\u015fkanl\u0131\u011f\u0131nda yap\u0131lan toplant\u0131da denetimler, ekip haz\u0131rl\u0131klar\u0131 ve g\u00f6n\u00fcll\u00fc vatanda\u015flar\u0131n deste\u011fi gibi \u00f6nemli konular ele al\u0131nd\u0131.<br \/>\n<br \/>Manisa\u2019n\u0131n Sar\u0131g\u00f6l il\u00e7esinde yakla\u015fan bahar ve yaz aylar\u0131nda ya\u015fanabilecek orman yang\u0131nlar\u0131na kar\u015f\u0131 al\u0131nacak tedbirlerin de\u011ferlendirildi\u011fi Orman Yang\u0131nlar\u0131 ile M\u00fccadele Komisyonu Toplant\u0131s\u0131, Sar\u0131g\u00f6l Kaymakam\u0131 Halil Dalak ba\u015fkanl\u0131\u011f\u0131nda ger\u00e7ekle\u015ftirildi.<br \/>\n<br \/>Sar\u0131g\u00f6l Kaymakaml\u0131\u011f\u0131 makam\u0131nda d\u00fczenlenen toplant\u0131ya il\u00e7e kurum amirleri kat\u0131ld\u0131. Toplant\u0131da, il\u00e7e genelinde ve mahallelerde meydana gelebilecek muhtemel orman yang\u0131nlar\u0131na kar\u015f\u0131 al\u0131nacak \u00f6nlemler detayl\u0131 \u015fekilde ele al\u0131nd\u0131.<br \/>\n<br \/>\u00d6zellikle bahar ve yaz aylar\u0131nda piknik alanlar\u0131n\u0131n s\u0131k s\u0131k denetlenmesi, yang\u0131n havuzlar\u0131n\u0131n s\u00fcrekli dolu tutulmas\u0131, yang\u0131n s\u00f6nd\u00fcrme ekiplerinin haz\u0131r halde bekletilmesi ve mahallelerde g\u00f6n\u00fcll\u00fc vatanda\u015flar\u0131n belirlenmesi gibi konular \u00fczerinde duruldu.<br \/>\n<br \/>Toplant\u0131da ayr\u0131ca, yang\u0131na ilk m\u00fcdahalede kullan\u0131lmak \u00fczere su tankerlerinin haz\u0131r durumda bulundurulmas\u0131, yaz boyunca ormanl\u0131k alanlar\u0131n yetkililer taraf\u0131ndan d\u00fczenli olarak kontrol edilmesi ve piknik yapan vatanda\u015flar\u0131n ate\u015f yakmamalar\u0131 konusunda uyar\u0131lmas\u0131 gibi tedbirlerin \u00f6nemine dikkat \u00e7ekildi.<br \/>\n<br \/>Kurum amirlerinin g\u00f6r\u00fc\u015f ve \u00f6nerilerinin de dinlendi\u011fi toplant\u0131da, orman yang\u0131nlar\u0131na kar\u015f\u0131 t\u00fcm kurumlar\u0131n koordinasyon i\u00e7inde hareket etmesi gerekti\u011fi vurguland\u0131.<br \/><\/p>\n","protected":false},"excerpt":{"rendered":"<p>Manisa\u2019n\u0131n Sar\u0131g\u00f6l il\u00e7esinde yakla\u015fan bahar ve yaz aylar\u0131 \u00f6ncesinde olabilecek orman yang\u0131nlar\u0131na kar\u015f\u0131 al\u0131nacak \u00f6nlemler masaya yat\u0131r\u0131ld\u0131. Kaymakam Halil Dalak ba\u015fkanl\u0131\u011f\u0131nda yap\u0131lan toplant\u0131da denetimler, ekip haz\u0131rl\u0131klar\u0131 ve g\u00f6n\u00fcll\u00fc vatanda\u015flar\u0131n deste\u011fi gibi \u00f6nemli konular ele al\u0131nd\u0131. Manisa\u2019n\u0131n Sar\u0131g\u00f6l il\u00e7esinde yakla\u015fan bahar ve yaz aylar\u0131nda ya\u015fanabilecek orman yang\u0131nlar\u0131na kar\u015f\u0131 al\u0131nacak tedbirlerin de\u011ferlendirildi\u011fi Orman Yang\u0131nlar\u0131 ile M\u00fccadele Komisyonu&#8230;<\/p>\n","protected":false},"author":1,"featured_media":93364,"comment_status":"open","ping_status":"open","sticky":false,"template":"","format":"standard","meta":{"_crdt_document":"","footnotes":""},"categories":[5],"tags":[],"class_list":["post-93363","post","type-post","status-publish","format-standard","has-post-thumbnail","hentry","category-asayis"],"_links":{"self":[{"href":"https:\/\/www.egemtv.com\/index.php?rest_route=\/wp\/v2\/posts\/93363","targetHints":{"allow":["GET"]}}],"collection":[{"href":"https:\/\/www.egemtv.com\/index.php?rest_route=\/wp\/v2\/posts"}],"about":[{"href":"https:\/\/www.egemtv.com\/index.php?rest_route=\/wp\/v2\/types\/post"}],"author":[{"embeddable":true,"href":"https:\/\/www.egemtv.com\/index.php?rest_route=\/wp\/v2\/users\/1"}],"replies":[{"embeddable":true,"href":"https:\/\/www.egemtv.com\/index.php?rest_route=%2Fwp%2Fv2%2Fcomments&post=93363"}],"version-history":[{"count":1,"href":"https:\/\/www.egemtv.com\/index.php?rest_route=\/wp\/v2\/posts\/93363\/revisions"}],"predecessor-version":[{"id":93365,"href":"https:\/\/www.egemtv.com\/index.php?rest_route=\/wp\/v2\/posts\/93363\/revisions\/93365"}],"wp:featuredmedia":[{"embeddable":true,"href":"https:\/\/www.egemtv.com\/index.php?rest_route=\/wp\/v2\/media\/93364"}],"wp:attachment":[{"href":"https:\/\/www.egemtv.com\/index.php?rest_route=%2Fwp%2Fv2%2Fmedia&parent=93363"}],"wp:term":[{"taxonomy":"category","embeddable":true,"href":"https:\/\/www.egemtv.com\/index.php?rest_route=%2Fwp%2Fv2%2Fcategories&post=93363"},{"taxonomy":"post_tag","embeddable":true,"href":"https:\/\/www.egemtv.com\/index.php?rest_route=%2Fwp%2Fv2%2Ftags&post=93363"}],"curies":[{"name":"wp","href":"https:\/\/api.w.org\/{rel}","templated":true}]}}