{"id":93360,"date":"2026-03-11T09:34:41","date_gmt":"2026-03-11T06:34:41","guid":{"rendered":"https:\/\/www.egemtv.com\/?p=93360"},"modified":"2026-03-11T09:34:42","modified_gmt":"2026-03-11T06:34:42","slug":"mhpli-atilgan-milli-birlik-her-zamankinden-daha-onemli","status":"publish","type":"post","link":"https:\/\/www.egemtv.com\/?p=93360","title":{"rendered":"MHP\u2019li At\u0131lgan: &#8220;Milli birlik her zamankinden daha \u00f6nemli&#8221;"},"content":{"rendered":"<p>MHP Ala\u015fehir \u0130l\u00e7e Ba\u015fkan\u0131 Tahsin At\u0131lgan, d\u00fczenledi\u011fi bas\u0131n toplant\u0131s\u0131nda uluslararas\u0131 geli\u015fmelerden yerel g\u00fcndeme kadar bir\u00e7ok konuda de\u011ferlendirmelerde bulundu. At\u0131lgan, T\u00fcrkiye\u2019de milli birlik ve beraberli\u011fin g\u00fc\u00e7lendirilmesi gerekti\u011fini vurgularken Ala\u015fehir\u2019in deprem ger\u00e7e\u011fine de dikkat \u00e7ekti.<br \/>\n<br \/>Manisa\u2019n\u0131n Ala\u015fehir il\u00e7esinde Milliyet\u00e7i Hareket Partisi (MHP) \u0130l\u00e7e Ba\u015fkan\u0131 Tahsin At\u0131lgan, parti lokalinde d\u00fczenledi\u011fi bas\u0131n toplant\u0131s\u0131nda g\u00fcndeme ili\u015fkin a\u00e7\u0131klamalarda bulundu. At\u0131lgan, konu\u015fmas\u0131nda milli birlik ve beraberlik vurgusu yaparak &#8220;i\u00e7 cephenin g\u00fc\u00e7lendirilmesinin&#8221; \u00f6nemine dikkat \u00e7ekti.<br \/>\n<br \/>MHP Ala\u015fehir \u0130l\u00e7e Ba\u015fkan\u0131 Tahsin At\u0131lgan, parti lokalinde d\u00fczenlenen toplant\u0131da partililer ve bas\u0131n mensuplar\u0131yla bir araya geldi. At\u0131lgan, 3 Mart tarihinde Ankara\u2019da MHP Genel Ba\u015fkan\u0131 Devlet Bah\u00e7eli\u2019nin himayesinde d\u00fczenlenen iftar program\u0131na Manisa ve il\u00e7elerinden yo\u011fun kat\u0131l\u0131m oldu\u011funu belirterek, &#8220;Say\u0131n Devlet Bah\u00e7eli\u2019nin Ala\u015fehirli hem\u015fehrilerimize selamlar\u0131 var.&#8221; dedi.<br \/>\n<br \/>Konu\u015fmas\u0131nda d\u00fcnyada ya\u015fanan geli\u015fmelere de de\u011finen At\u0131lgan, k\u00fcresel krizlerin T\u00fcrkiye a\u00e7\u0131s\u0131ndan milli birlik ve dayan\u0131\u015fman\u0131n \u00f6nemini bir kez daha ortaya koydu\u011funu ifade etti. At\u0131lgan, &#8220;\u0130\u00e7 cephenin g\u00fc\u00e7l\u00fc tutulmas\u0131, milli birlik ve beraberli\u011fin korunmas\u0131 b\u00fcy\u00fck \u00f6nem ta\u015f\u0131yor.&#8221; ifadelerini kulland\u0131.<br \/>\n<br \/>T\u00fcrkiye\u2019nin ter\u00f6rs\u00fcz bir gelecek hedefi do\u011frultusunda ilerledi\u011fini belirten At\u0131lgan, T\u00fcrk-K\u00fcrt karde\u015fli\u011finin \u00f6nemine dikkat \u00e7ekerek bu konuda yap\u0131lan a\u00e7\u0131klamalar\u0131n \u00e7arp\u0131t\u0131lmamas\u0131 gerekti\u011fini s\u00f6yledi.<br \/>\n<br \/>T\u00fcrkiye\u2019nin b\u00f6lgesinde g\u00fc\u00e7l\u00fc bir \u00fclke oldu\u011funu dile getiren At\u0131lgan, savunma sanayinde at\u0131lan yerli ve milli ad\u0131mlar sayesinde \u00fclkenin d\u0131\u015f tehditlere kar\u015f\u0131 daha haz\u0131rl\u0131kl\u0131 hale geldi\u011fini belirtti. At\u0131lgan, T\u00fcrkiye\u2019nin uluslararas\u0131 sorunlar\u0131n \u00e7\u00f6z\u00fcm\u00fcnde bar\u0131\u015f ve diplomasi yolunu benimsedi\u011fini ifade ederek Cumhurba\u015fkan\u0131 Recep Tayyip Erdo\u011fan\u2019\u0131n da bu do\u011frultuda arabuluculuk giri\u015fimlerine haz\u0131r oldu\u011funu s\u00f6yledi.<br \/>\n<br \/>Bas\u0131n toplant\u0131s\u0131nda yerel konulara da de\u011finen At\u0131lgan, Ala\u015fehir\u2019in deprem ku\u015fa\u011f\u0131nda bulundu\u011funu hat\u0131rlatarak belediyenin bu konuda daha fazla \u00e7al\u0131\u015fma yapmas\u0131 gerekti\u011fini savundu. At\u0131lgan, Ala\u015fehir Belediye Ba\u015fkan\u0131 Ahmet \u00d6k\u00fczc\u00fco\u011flu\u2019na seslenerek deprem riskine kar\u015f\u0131 al\u0131nacak \u00f6nlemlerin \u00f6ncelikli olmas\u0131 gerekti\u011fini ifade etti.<br \/><\/p>\n","protected":false},"excerpt":{"rendered":"<p>MHP Ala\u015fehir \u0130l\u00e7e Ba\u015fkan\u0131 Tahsin At\u0131lgan, d\u00fczenledi\u011fi bas\u0131n toplant\u0131s\u0131nda uluslararas\u0131 geli\u015fmelerden yerel g\u00fcndeme kadar bir\u00e7ok konuda de\u011ferlendirmelerde bulundu. At\u0131lgan, T\u00fcrkiye\u2019de milli birlik ve beraberli\u011fin g\u00fc\u00e7lendirilmesi gerekti\u011fini vurgularken Ala\u015fehir\u2019in deprem ger\u00e7e\u011fine de dikkat \u00e7ekti. Manisa\u2019n\u0131n Ala\u015fehir il\u00e7esinde Milliyet\u00e7i Hareket Partisi (MHP) \u0130l\u00e7e Ba\u015fkan\u0131 Tahsin At\u0131lgan, parti lokalinde d\u00fczenledi\u011fi bas\u0131n toplant\u0131s\u0131nda g\u00fcndeme ili\u015fkin a\u00e7\u0131klamalarda bulundu. At\u0131lgan, konu\u015fmas\u0131nda&#8230;<\/p>\n","protected":false},"author":1,"featured_media":93361,"comment_status":"open","ping_status":"open","sticky":false,"template":"","format":"standard","meta":{"_crdt_document":"","footnotes":""},"categories":[127],"tags":[],"class_list":["post-93360","post","type-post","status-publish","format-standard","has-post-thumbnail","hentry","category-siyaset"],"_links":{"self":[{"href":"https:\/\/www.egemtv.com\/index.php?rest_route=\/wp\/v2\/posts\/93360","targetHints":{"allow":["GET"]}}],"collection":[{"href":"https:\/\/www.egemtv.com\/index.php?rest_route=\/wp\/v2\/posts"}],"about":[{"href":"https:\/\/www.egemtv.com\/index.php?rest_route=\/wp\/v2\/types\/post"}],"author":[{"embeddable":true,"href":"https:\/\/www.egemtv.com\/index.php?rest_route=\/wp\/v2\/users\/1"}],"replies":[{"embeddable":true,"href":"https:\/\/www.egemtv.com\/index.php?rest_route=%2Fwp%2Fv2%2Fcomments&post=93360"}],"version-history":[{"count":1,"href":"https:\/\/www.egemtv.com\/index.php?rest_route=\/wp\/v2\/posts\/93360\/revisions"}],"predecessor-version":[{"id":93362,"href":"https:\/\/www.egemtv.com\/index.php?rest_route=\/wp\/v2\/posts\/93360\/revisions\/93362"}],"wp:featuredmedia":[{"embeddable":true,"href":"https:\/\/www.egemtv.com\/index.php?rest_route=\/wp\/v2\/media\/93361"}],"wp:attachment":[{"href":"https:\/\/www.egemtv.com\/index.php?rest_route=%2Fwp%2Fv2%2Fmedia&parent=93360"}],"wp:term":[{"taxonomy":"category","embeddable":true,"href":"https:\/\/www.egemtv.com\/index.php?rest_route=%2Fwp%2Fv2%2Fcategories&post=93360"},{"taxonomy":"post_tag","embeddable":true,"href":"https:\/\/www.egemtv.com\/index.php?rest_route=%2Fwp%2Fv2%2Ftags&post=93360"}],"curies":[{"name":"wp","href":"https:\/\/api.w.org\/{rel}","templated":true}]}}