{"id":93357,"date":"2026-03-11T09:34:41","date_gmt":"2026-03-11T06:34:41","guid":{"rendered":"https:\/\/www.egemtv.com\/?p=93357"},"modified":"2026-03-11T09:34:41","modified_gmt":"2026-03-11T06:34:41","slug":"sarigolde-uzum-baglari-doluya-karsi-fileyle-korunuyor","status":"publish","type":"post","link":"https:\/\/www.egemtv.com\/?p=93357","title":{"rendered":"Sar\u0131g\u00f6l\u2019de \u00fcz\u00fcm ba\u011flar\u0131 doluya kar\u015f\u0131 fileyle korunuyor"},"content":{"rendered":"<p>Manisa\u2019n\u0131n Sar\u0131g\u00f6l il\u00e7esinde \u00fcz\u00fcm \u00fcreticileri, ba\u011flar\u0131n\u0131 dolu tehlikesine kar\u015f\u0131 korumak i\u00e7in \u00f6rt\u00fc \u00e7al\u0131\u015fmalar\u0131n\u0131 h\u0131zland\u0131rd\u0131. \u0130l\u00e7ede kurulan ekipler, ba\u011flar\u0131 dolu fileleriyle kaplayarak \u00fcr\u00fcn kayb\u0131n\u0131 \u00f6nlemeyi ama\u00e7l\u0131yor.<br \/>\n<br \/>Sar\u0131g\u00f6l Ovas\u0131\u2019nda \u00fcz\u00fcm \u00fcreticileri, Mart ay\u0131nda ba\u015flay\u0131p Temmuz ay\u0131na kadar devam edebilen dolu riskine kar\u015f\u0131 ba\u011flar\u0131n\u0131 korumak i\u00e7in dolu file \u00f6rt\u00fc sistemlerini kurmaya devam ediyor. Olu\u015fturulan \u00f6rt\u00fc ekipleri \u00fcreticilerin taleplerine g\u00f6re s\u0131rayla ba\u011flara giderek \u00e7al\u0131\u015fmalar\u0131 aral\u0131ks\u0131z s\u00fcrd\u00fcr\u00fcyor.<br \/>\n<br \/>\u00dcretici Y\u0131ld\u0131r\u0131m Helvac\u0131, dolu file sisteminin devlet destekli krediyle kuruldu\u011funu belirterek, &#8220;Dolu olaylar\u0131 b\u00f6lgemizde genellikle Mart ay\u0131nda ba\u015flar ve Temmuz ay\u0131na kadar devam eder. Bu nedenle ba\u011flar\u0131m\u0131z\u0131 doluya kar\u015f\u0131 korumak i\u00e7in \u00f6rt\u00fc sistemi kuruyoruz. Baz\u0131 \u00fcreticilerimiz hasat sonuna kadar bu \u00f6rt\u00fcleri ba\u011flar\u0131n \u00fczerinde b\u0131rakarak \u00f6nlemlerini s\u00fcrd\u00fcr\u00fcyor.&#8221; dedi.<br \/>\n<br \/>Ba\u011flarda \u00e7al\u0131\u015fan tar\u0131m i\u015f\u00e7isi Ramazan Karahan ise Sar\u0131g\u00f6l Ovas\u0131\u2019nda \u00e7ok say\u0131da \u00f6rt\u00fc ekibi kuruldu\u011funu belirterek, &#8220;\u00d6nce ba\u011flar\u0131n \u00fczerine dolu fileleri \u00e7ekiyoruz. Daha sonra Haziran ay\u0131nda s\u0131cak, k\u0131ra\u011f\u0131 ve iri ya\u011fmurlara kar\u015f\u0131 beyaz kanavi\u00e7e \u00f6rt\u00fcler kullan\u0131yoruz. Ekiplerimiz genellikle 8-10 ki\u015fiden olu\u015fuyor ve bir g\u00fcnde iki ya da \u00fc\u00e7 ba\u011f\u0131n \u00f6rt\u00fcs\u00fcn\u00fc tamamlayabiliyoruz.&#8221; diye konu\u015ftu.<br \/>\n<br \/>\u00d6te yandan Sar\u0131g\u00f6l\u2019de yakla\u015f\u0131k 113 bin dekarl\u0131k \u00fcz\u00fcm ba\u011f\u0131n\u0131n y\u00fczde 85\u2019inin \u00e7e\u015fitli koruyucu \u00f6rt\u00fclerle kapland\u0131\u011f\u0131 \u00f6\u011frenildi.<br \/><\/p>\n","protected":false},"excerpt":{"rendered":"<p>Manisa\u2019n\u0131n Sar\u0131g\u00f6l il\u00e7esinde \u00fcz\u00fcm \u00fcreticileri, ba\u011flar\u0131n\u0131 dolu tehlikesine kar\u015f\u0131 korumak i\u00e7in \u00f6rt\u00fc \u00e7al\u0131\u015fmalar\u0131n\u0131 h\u0131zland\u0131rd\u0131. \u0130l\u00e7ede kurulan ekipler, ba\u011flar\u0131 dolu fileleriyle kaplayarak \u00fcr\u00fcn kayb\u0131n\u0131 \u00f6nlemeyi ama\u00e7l\u0131yor. Sar\u0131g\u00f6l Ovas\u0131\u2019nda \u00fcz\u00fcm \u00fcreticileri, Mart ay\u0131nda ba\u015flay\u0131p Temmuz ay\u0131na kadar devam edebilen dolu riskine kar\u015f\u0131 ba\u011flar\u0131n\u0131 korumak i\u00e7in dolu file \u00f6rt\u00fc sistemlerini kurmaya devam ediyor. Olu\u015fturulan \u00f6rt\u00fc ekipleri \u00fcreticilerin taleplerine&#8230;<\/p>\n","protected":false},"author":1,"featured_media":93358,"comment_status":"open","ping_status":"open","sticky":false,"template":"","format":"standard","meta":{"_crdt_document":"","footnotes":""},"categories":[125],"tags":[],"class_list":["post-93357","post","type-post","status-publish","format-standard","has-post-thumbnail","hentry","category-ekonomi"],"_links":{"self":[{"href":"https:\/\/www.egemtv.com\/index.php?rest_route=\/wp\/v2\/posts\/93357","targetHints":{"allow":["GET"]}}],"collection":[{"href":"https:\/\/www.egemtv.com\/index.php?rest_route=\/wp\/v2\/posts"}],"about":[{"href":"https:\/\/www.egemtv.com\/index.php?rest_route=\/wp\/v2\/types\/post"}],"author":[{"embeddable":true,"href":"https:\/\/www.egemtv.com\/index.php?rest_route=\/wp\/v2\/users\/1"}],"replies":[{"embeddable":true,"href":"https:\/\/www.egemtv.com\/index.php?rest_route=%2Fwp%2Fv2%2Fcomments&post=93357"}],"version-history":[{"count":1,"href":"https:\/\/www.egemtv.com\/index.php?rest_route=\/wp\/v2\/posts\/93357\/revisions"}],"predecessor-version":[{"id":93359,"href":"https:\/\/www.egemtv.com\/index.php?rest_route=\/wp\/v2\/posts\/93357\/revisions\/93359"}],"wp:featuredmedia":[{"embeddable":true,"href":"https:\/\/www.egemtv.com\/index.php?rest_route=\/wp\/v2\/media\/93358"}],"wp:attachment":[{"href":"https:\/\/www.egemtv.com\/index.php?rest_route=%2Fwp%2Fv2%2Fmedia&parent=93357"}],"wp:term":[{"taxonomy":"category","embeddable":true,"href":"https:\/\/www.egemtv.com\/index.php?rest_route=%2Fwp%2Fv2%2Fcategories&post=93357"},{"taxonomy":"post_tag","embeddable":true,"href":"https:\/\/www.egemtv.com\/index.php?rest_route=%2Fwp%2Fv2%2Ftags&post=93357"}],"curies":[{"name":"wp","href":"https:\/\/api.w.org\/{rel}","templated":true}]}}