{"id":93354,"date":"2026-03-11T09:14:32","date_gmt":"2026-03-11T06:14:32","guid":{"rendered":"https:\/\/www.egemtv.com\/?p=93354"},"modified":"2026-03-11T09:14:33","modified_gmt":"2026-03-11T06:14:33","slug":"merkezefendide-makut-ekibi-afet-hazirligi-icin-bir-araya-geldi","status":"publish","type":"post","link":"https:\/\/www.egemtv.com\/?p=93354","title":{"rendered":"Merkezefendi\u2019de MAKUT ekibi afet haz\u0131rl\u0131\u011f\u0131 i\u00e7in bir araya geldi"},"content":{"rendered":"<p>Merkezefendi Belediyesi b\u00fcnyesinde afetler sonras\u0131 iyile\u015ftirme \u00e7al\u0131\u015fmalar\u0131nda g\u00f6rev alacak Merkezefendi Arama Kurtarma Ekibi (MAKUT) personeli, AFAD \u0130l M\u00fcd\u00fcrl\u00fc\u011f\u00fc taraf\u0131ndan daha \u00f6nce verilen Temel Afet E\u011fitimi ve \u00c7ad\u0131r Kurma E\u011fitimi\u2019nin ard\u0131ndan yeniden bir araya geldi.<\/p>\n<p>Merkezefendi Belediyesi, afetlere kar\u015f\u0131 haz\u0131rl\u0131k ve m\u00fcdahale kapasitesini g\u00fc\u00e7lendirmeye y\u00f6nelik \u00e7al\u0131\u015fmalar\u0131n\u0131 s\u00fcrd\u00fcr\u00fcyor. Afet \u0130\u015fleri ve Risk Y\u00f6netimi M\u00fcd\u00fcrl\u00fc\u011f\u00fc\u2019n\u00fcn sahas\u0131nda, AFAD Denizli \u0130l M\u00fcd\u00fcrl\u00fc\u011f\u00fc i\u015f birli\u011fiyle ger\u00e7ekle\u015ftirilen bulu\u015fmada ekiplerin afet sonras\u0131 sahada y\u00fcr\u00fctecekleri \u00e7al\u0131\u015fmalar de\u011ferlendirildi. Daha \u00f6nce verilen e\u011fitimler kapsam\u0131nda afet fark\u0131ndal\u0131\u011f\u0131, m\u00fcdahale s\u00fcre\u00e7leri ve \u00e7ad\u0131r kurulumu konular\u0131nda edindikleri bilgileri peki\u015ftiren MAKUT personeli, herhangi bir afet durumlar\u0131na kar\u015f\u0131 haz\u0131rl\u0131klar\u0131n\u0131 g\u00f6zden ge\u00e7irdi.<\/p>\n<p>&#8220;Her zaman haz\u0131r, her zaman g\u00f6rev ba\u015f\u0131nday\u0131z&#8221;<br \/>\n<br \/>Merkezefendi Belediye Ba\u015fkan\u0131 \u015eeniz Do\u011fan, afetlere kar\u015f\u0131 haz\u0131rl\u0131kl\u0131 olman\u0131n \u00f6nemine dikkat \u00e7ekerek, &#8220;Afetler sonras\u0131 iyile\u015ftirme \u00e7al\u0131\u015fmalar\u0131nda g\u00f6rev alacak MAKUT personelimiz, AFAD \u0130l M\u00fcd\u00fcrl\u00fc\u011f\u00fc taraf\u0131ndan daha \u00f6nce verilen temel afet e\u011fitimi ve \u00e7ad\u0131r kurma e\u011fitimlerinin ard\u0131ndan bir araya geldi. Hem\u015ferilerimizin g\u00fcvenli\u011fi i\u00e7in her zaman haz\u0131r, her zaman g\u00f6rev ba\u015f\u0131nday\u0131z&#8221; dedi.<br \/>\n<br \/>Ger\u00e7ekle\u015ftirilen \u00e7al\u0131\u015fmalarla birlikte MAKUT ekibi, Merkezefendi\u2019de herhangi bir do\u011fal afetler ve acil durumlara kar\u015f\u0131 daha donan\u0131ml\u0131 hale gelmeye devam ediyor.<br \/><\/p>\n","protected":false},"excerpt":{"rendered":"<p>Merkezefendi Belediyesi b\u00fcnyesinde afetler sonras\u0131 iyile\u015ftirme \u00e7al\u0131\u015fmalar\u0131nda g\u00f6rev alacak Merkezefendi Arama Kurtarma Ekibi (MAKUT) personeli, AFAD \u0130l M\u00fcd\u00fcrl\u00fc\u011f\u00fc taraf\u0131ndan daha \u00f6nce verilen Temel Afet E\u011fitimi ve \u00c7ad\u0131r Kurma E\u011fitimi\u2019nin ard\u0131ndan yeniden bir araya geldi. Merkezefendi Belediyesi, afetlere kar\u015f\u0131 haz\u0131rl\u0131k ve m\u00fcdahale kapasitesini g\u00fc\u00e7lendirmeye y\u00f6nelik \u00e7al\u0131\u015fmalar\u0131n\u0131 s\u00fcrd\u00fcr\u00fcyor. Afet \u0130\u015fleri ve Risk Y\u00f6netimi M\u00fcd\u00fcrl\u00fc\u011f\u00fc\u2019n\u00fcn sahas\u0131nda, AFAD Denizli&#8230;<\/p>\n","protected":false},"author":1,"featured_media":93355,"comment_status":"open","ping_status":"open","sticky":false,"template":"","format":"standard","meta":{"_crdt_document":"","footnotes":""},"categories":[5],"tags":[],"class_list":["post-93354","post","type-post","status-publish","format-standard","has-post-thumbnail","hentry","category-asayis"],"_links":{"self":[{"href":"https:\/\/www.egemtv.com\/index.php?rest_route=\/wp\/v2\/posts\/93354","targetHints":{"allow":["GET"]}}],"collection":[{"href":"https:\/\/www.egemtv.com\/index.php?rest_route=\/wp\/v2\/posts"}],"about":[{"href":"https:\/\/www.egemtv.com\/index.php?rest_route=\/wp\/v2\/types\/post"}],"author":[{"embeddable":true,"href":"https:\/\/www.egemtv.com\/index.php?rest_route=\/wp\/v2\/users\/1"}],"replies":[{"embeddable":true,"href":"https:\/\/www.egemtv.com\/index.php?rest_route=%2Fwp%2Fv2%2Fcomments&post=93354"}],"version-history":[{"count":1,"href":"https:\/\/www.egemtv.com\/index.php?rest_route=\/wp\/v2\/posts\/93354\/revisions"}],"predecessor-version":[{"id":93356,"href":"https:\/\/www.egemtv.com\/index.php?rest_route=\/wp\/v2\/posts\/93354\/revisions\/93356"}],"wp:featuredmedia":[{"embeddable":true,"href":"https:\/\/www.egemtv.com\/index.php?rest_route=\/wp\/v2\/media\/93355"}],"wp:attachment":[{"href":"https:\/\/www.egemtv.com\/index.php?rest_route=%2Fwp%2Fv2%2Fmedia&parent=93354"}],"wp:term":[{"taxonomy":"category","embeddable":true,"href":"https:\/\/www.egemtv.com\/index.php?rest_route=%2Fwp%2Fv2%2Fcategories&post=93354"},{"taxonomy":"post_tag","embeddable":true,"href":"https:\/\/www.egemtv.com\/index.php?rest_route=%2Fwp%2Fv2%2Ftags&post=93354"}],"curies":[{"name":"wp","href":"https:\/\/api.w.org\/{rel}","templated":true}]}}