{"id":93351,"date":"2026-03-11T05:34:47","date_gmt":"2026-03-11T02:34:47","guid":{"rendered":"https:\/\/www.egemtv.com\/?p=93351"},"modified":"2026-03-11T05:34:48","modified_gmt":"2026-03-11T02:34:48","slug":"muftulukten-iyilik-sofrasi-iftar-programi","status":"publish","type":"post","link":"https:\/\/www.egemtv.com\/?p=93351","title":{"rendered":"M\u00fcft\u00fcl\u00fckten &#8220;\u0130yilik sofras\u0131&#8221; iftar program\u0131"},"content":{"rendered":"<p>Manisa\u2019n\u0131n Selendi \u0130l\u00e7e M\u00fcft\u00fcl\u00fc\u011f\u00fc taraf\u0131ndan d\u00fczenlenen &#8220;\u0130yilik sofras\u0131&#8221; iftar program\u0131nda \u00e7ok say\u0131da vatanda\u015f bir araya geldi.<br \/>\n<br \/>Programa Kaymakam M\u00fccahit Enes Y\u0131ld\u0131z ve \u0130l\u00e7e M\u00fcft\u00fcs\u00fc Dervi\u015f Makas kat\u0131ld\u0131. Gaziler, engelli bireyler, imamlar ile yetim ve \u00f6ks\u00fcz \u00e7ocuklar da programda yer ald\u0131. Birlik ve dayan\u0131\u015fma duygular\u0131n\u0131n \u00f6n plana \u00e7\u0131kt\u0131\u011f\u0131 programda kat\u0131l\u0131mc\u0131lar ayn\u0131 sofrada iftar yapt\u0131. \u0130l\u00e7e M\u00fcft\u00fcs\u00fc Dervi\u015f Makas taraf\u0131ndan dualar okunarak program\u0131n manevi atmosferi g\u00fc\u00e7lendirildi.<br \/>\n<br \/>Programda konu\u015fma yapan M\u00fcft\u00fc Dervi\u015f Makas, iyili\u011fin, payla\u015fman\u0131n ve toplumsal dayan\u0131\u015fman\u0131n \u00f6nemine dikkat \u00e7ekti. Makas, toplumun farkl\u0131 kesimlerini bir araya getiren bu t\u00fcr iftar bulu\u015fmalar\u0131n\u0131n karde\u015flik ve dayan\u0131\u015fma duygular\u0131n\u0131 peki\u015ftirdi\u011fini ifade etti. Kat\u0131l\u0131mc\u0131lar ise d\u00fczenlenen &#8220;\u0130yilik sofras\u0131&#8221; iftar program\u0131ndan memnuniyet duyduklar\u0131n\u0131 belirterek eme\u011fi ge\u00e7enlere te\u015fekk\u00fcr etti.<br \/><\/p>\n","protected":false},"excerpt":{"rendered":"<p>Manisa\u2019n\u0131n Selendi \u0130l\u00e7e M\u00fcft\u00fcl\u00fc\u011f\u00fc taraf\u0131ndan d\u00fczenlenen &#8220;\u0130yilik sofras\u0131&#8221; iftar program\u0131nda \u00e7ok say\u0131da vatanda\u015f bir araya geldi. Programa Kaymakam M\u00fccahit Enes Y\u0131ld\u0131z ve \u0130l\u00e7e M\u00fcft\u00fcs\u00fc Dervi\u015f Makas kat\u0131ld\u0131. Gaziler, engelli bireyler, imamlar ile yetim ve \u00f6ks\u00fcz \u00e7ocuklar da programda yer ald\u0131. Birlik ve dayan\u0131\u015fma duygular\u0131n\u0131n \u00f6n plana \u00e7\u0131kt\u0131\u011f\u0131 programda kat\u0131l\u0131mc\u0131lar ayn\u0131 sofrada iftar yapt\u0131. \u0130l\u00e7e M\u00fcft\u00fcs\u00fc&#8230;<\/p>\n","protected":false},"author":1,"featured_media":93352,"comment_status":"open","ping_status":"open","sticky":false,"template":"","format":"standard","meta":{"_crdt_document":"","footnotes":""},"categories":[123],"tags":[],"class_list":["post-93351","post","type-post","status-publish","format-standard","has-post-thumbnail","hentry","category-gundem"],"_links":{"self":[{"href":"https:\/\/www.egemtv.com\/index.php?rest_route=\/wp\/v2\/posts\/93351","targetHints":{"allow":["GET"]}}],"collection":[{"href":"https:\/\/www.egemtv.com\/index.php?rest_route=\/wp\/v2\/posts"}],"about":[{"href":"https:\/\/www.egemtv.com\/index.php?rest_route=\/wp\/v2\/types\/post"}],"author":[{"embeddable":true,"href":"https:\/\/www.egemtv.com\/index.php?rest_route=\/wp\/v2\/users\/1"}],"replies":[{"embeddable":true,"href":"https:\/\/www.egemtv.com\/index.php?rest_route=%2Fwp%2Fv2%2Fcomments&post=93351"}],"version-history":[{"count":1,"href":"https:\/\/www.egemtv.com\/index.php?rest_route=\/wp\/v2\/posts\/93351\/revisions"}],"predecessor-version":[{"id":93353,"href":"https:\/\/www.egemtv.com\/index.php?rest_route=\/wp\/v2\/posts\/93351\/revisions\/93353"}],"wp:featuredmedia":[{"embeddable":true,"href":"https:\/\/www.egemtv.com\/index.php?rest_route=\/wp\/v2\/media\/93352"}],"wp:attachment":[{"href":"https:\/\/www.egemtv.com\/index.php?rest_route=%2Fwp%2Fv2%2Fmedia&parent=93351"}],"wp:term":[{"taxonomy":"category","embeddable":true,"href":"https:\/\/www.egemtv.com\/index.php?rest_route=%2Fwp%2Fv2%2Fcategories&post=93351"},{"taxonomy":"post_tag","embeddable":true,"href":"https:\/\/www.egemtv.com\/index.php?rest_route=%2Fwp%2Fv2%2Ftags&post=93351"}],"curies":[{"name":"wp","href":"https:\/\/api.w.org\/{rel}","templated":true}]}}