{"id":93348,"date":"2026-03-11T05:34:46","date_gmt":"2026-03-11T02:34:46","guid":{"rendered":"https:\/\/www.egemtv.com\/?p=93348"},"modified":"2026-03-11T05:34:47","modified_gmt":"2026-03-11T02:34:47","slug":"alasehirde-sentetik-hap-operasyonu-1-tutuklama","status":"publish","type":"post","link":"https:\/\/www.egemtv.com\/?p=93348","title":{"rendered":"Ala\u015fehir\u2019de sentetik hap operasyonu: 1 tutuklama"},"content":{"rendered":"<p>Manisa\u2019n\u0131n Ala\u015fehir il\u00e7esinde polis ekiplerinin \u015f\u00fcphe \u00fczerine durdurmak istedi\u011fi bir ki\u015fi, k\u0131sa s\u00fcreli kovalamacan\u0131n ard\u0131ndan yakaland\u0131. \u015e\u00fcphelinin \u00fczerinde ve evinde yap\u0131lan aramada 170 adet sentetik ecza hap\u0131 ele ge\u00e7irildi.<br \/>\n<br \/>Ala\u015fehir Narkotik Su\u00e7larla M\u00fccadele B\u00fcro Amirli\u011fi ile Ala\u015fehir \u0130l\u00e7e Emniyet M\u00fcd\u00fcrl\u00fc\u011f\u00fc ekipleri taraf\u0131ndan y\u00fcr\u00fct\u00fclen \u00e7al\u0131\u015fmada, durumundan \u015f\u00fcphelenilen \u00dc.K. (20) isimli \u015fah\u0131s durdurulmak istendi. Polisin &#8220;dur&#8221; ihtar\u0131na uymayarak ka\u00e7maya ba\u015flayan \u015f\u00fcpheli, ya\u015fanan k\u0131sa s\u00fcreli kovalamaca sonucu yakalanarak g\u00f6zalt\u0131na al\u0131nd\u0131. \u015e\u00fcphelinin \u00fczerinde ve ikametinde yap\u0131lan aramalarda toplam 170 adet sentetik ecza hap\u0131 ele ge\u00e7irildi.<br \/>\n<br \/>Emniyetteki i\u015flemlerinin ard\u0131ndan adliyeye sevk edilen \u00dc.K., \u00e7\u0131kar\u0131ld\u0131\u011f\u0131 mahkemece &#8220;Uyu\u015fturucu veya Uyar\u0131c\u0131 Madde \u0130mal ve Ticareti&#8221; su\u00e7undan tutuklanarak cezaevine g\u00f6nderildi.<br \/><\/p>\n","protected":false},"excerpt":{"rendered":"<p>Manisa\u2019n\u0131n Ala\u015fehir il\u00e7esinde polis ekiplerinin \u015f\u00fcphe \u00fczerine durdurmak istedi\u011fi bir ki\u015fi, k\u0131sa s\u00fcreli kovalamacan\u0131n ard\u0131ndan yakaland\u0131. \u015e\u00fcphelinin \u00fczerinde ve evinde yap\u0131lan aramada 170 adet sentetik ecza hap\u0131 ele ge\u00e7irildi. Ala\u015fehir Narkotik Su\u00e7larla M\u00fccadele B\u00fcro Amirli\u011fi ile Ala\u015fehir \u0130l\u00e7e Emniyet M\u00fcd\u00fcrl\u00fc\u011f\u00fc ekipleri taraf\u0131ndan y\u00fcr\u00fct\u00fclen \u00e7al\u0131\u015fmada, durumundan \u015f\u00fcphelenilen \u00dc.K. (20) isimli \u015fah\u0131s durdurulmak istendi. Polisin &#8220;dur&#8221; ihtar\u0131na&#8230;<\/p>\n","protected":false},"author":1,"featured_media":93349,"comment_status":"open","ping_status":"open","sticky":false,"template":"","format":"standard","meta":{"_crdt_document":"","footnotes":""},"categories":[5],"tags":[],"class_list":["post-93348","post","type-post","status-publish","format-standard","has-post-thumbnail","hentry","category-asayis"],"_links":{"self":[{"href":"https:\/\/www.egemtv.com\/index.php?rest_route=\/wp\/v2\/posts\/93348","targetHints":{"allow":["GET"]}}],"collection":[{"href":"https:\/\/www.egemtv.com\/index.php?rest_route=\/wp\/v2\/posts"}],"about":[{"href":"https:\/\/www.egemtv.com\/index.php?rest_route=\/wp\/v2\/types\/post"}],"author":[{"embeddable":true,"href":"https:\/\/www.egemtv.com\/index.php?rest_route=\/wp\/v2\/users\/1"}],"replies":[{"embeddable":true,"href":"https:\/\/www.egemtv.com\/index.php?rest_route=%2Fwp%2Fv2%2Fcomments&post=93348"}],"version-history":[{"count":1,"href":"https:\/\/www.egemtv.com\/index.php?rest_route=\/wp\/v2\/posts\/93348\/revisions"}],"predecessor-version":[{"id":93350,"href":"https:\/\/www.egemtv.com\/index.php?rest_route=\/wp\/v2\/posts\/93348\/revisions\/93350"}],"wp:featuredmedia":[{"embeddable":true,"href":"https:\/\/www.egemtv.com\/index.php?rest_route=\/wp\/v2\/media\/93349"}],"wp:attachment":[{"href":"https:\/\/www.egemtv.com\/index.php?rest_route=%2Fwp%2Fv2%2Fmedia&parent=93348"}],"wp:term":[{"taxonomy":"category","embeddable":true,"href":"https:\/\/www.egemtv.com\/index.php?rest_route=%2Fwp%2Fv2%2Fcategories&post=93348"},{"taxonomy":"post_tag","embeddable":true,"href":"https:\/\/www.egemtv.com\/index.php?rest_route=%2Fwp%2Fv2%2Ftags&post=93348"}],"curies":[{"name":"wp","href":"https:\/\/api.w.org\/{rel}","templated":true}]}}