{"id":93345,"date":"2026-03-10T23:35:04","date_gmt":"2026-03-10T20:35:04","guid":{"rendered":"https:\/\/www.egemtv.com\/?p=93345"},"modified":"2026-03-10T23:35:05","modified_gmt":"2026-03-10T20:35:05","slug":"manisa-fk-sariyer-macin-ardindan","status":"publish","type":"post","link":"https:\/\/www.egemtv.com\/?p=93345","title":{"rendered":"Manisa FK &#8211; Sar\u0131yer ma\u00e7\u0131n ard\u0131ndan"},"content":{"rendered":"<p>Trendyol 1. Lig\u2019in 30. haftas\u0131nda Manisa FK\u2019nin 3-0\u2019l\u0131k galibiyetiyle sonu\u00e7lanan Sar\u0131yer ma\u00e7\u0131n\u0131n ard\u0131ndan her iki tak\u0131m\u0131n teknik direkt\u00f6r\u00fc de a\u00e7\u0131klamalarda bulundu.<br \/>\n<br \/>Trendyol 1. Lig\u2019in 30. hafta kar\u015f\u0131la\u015fmas\u0131nda Manisa FK, evinde kar\u015f\u0131la\u015ft\u0131\u011f\u0131 Sar\u0131yer\u2019i 3-0 ma\u011flup etti. Ma\u00e7\u0131n ard\u0131ndan a\u00e7\u0131klamalarda bulunan Manisa FK Teknik Direkt\u00f6r\u00fc Ahmet Pekta\u015f, &#8220;\u0130\u015fin do\u011frusunu ge\u00e7en haftay\u0131 telafi etmemiz gerekiyordu. Ama \u00e7ok fazla da haz\u0131rlanacak bir s\u00fcremiz yoktu. Tamamen psikolojik olarak kendimizi bu ma\u00e7a haz\u0131rlamaya \u00e7al\u0131\u015ft\u0131k. Bizim oyun felsefemiz belli. Kimle oynarsak oynayal\u0131m, hangi rakiple oynarsak oynayal\u0131m. Biz kendi oyunumuzu oynamaya \u00e7al\u0131\u015fan bir tak\u0131m\u0131z. Camiam\u0131z\u0131n, bizi sevenlerin ge\u00e7en hafta birazc\u0131k kalbini k\u0131rm\u0131\u015ft\u0131k. Bu hafta bir nebze de olsun onlar\u0131 rahatlatabilirsek ne mutlu bize. Ge\u00e7en hafta \u00fcz\u00fclecek vakit yoktu. Bu hafta da sevinecek vakit yok. Pazar g\u00fcn\u00fc tekrar zor bir deplasmana gidece\u011fiz. Orada da elimizden gelen en iyisini yapmaya \u00e7al\u0131\u015faca\u011f\u0131z&#8221; dedi.<\/p>\n<p>&#8220;Analizimizi yapacak rakipler bizim zaten eksik noktam\u0131z\u0131 \u00e7\u00f6zebilirler&#8221;<br \/>\n<br \/>Ma\u00e7\u0131n ard\u0131ndan a\u00e7\u0131klamalarda bulunan Sar\u0131yer Teknik Direkt\u00f6r\u00fc Servet \u00c7etin, &#8220;Vallahi asl\u0131nda s\u00f6ylenecek \u00e7ok \u00e7ok da bir \u015fey yok. Her \u015fey net. 11-11 oyunda ilk yar\u0131 \u00f6zellikle pozisyonlara giren, 3-4 tane pozisyonu da ka\u00e7\u0131ran biziz. Rakibin pozisyonu yokken Diony\u2019nin kafas\u0131na \u00e7arpan bir top gol oluyor. \u0130kinci yar\u0131 rakip 10 ki\u015fi kal\u0131yor. Yani yine pozisyonlar biliyoruz. Rakip bir tane ge\u00e7i\u015ften yine ikinci gol\u00fc buluyor. Yani pozisyon g\u00f6rmeden 2-0 geriye d\u00fc\u015ft\u00fck. Ama bizim \u00e7ok pozisyonumuz var ka\u00e7\u0131rd\u0131\u011f\u0131m\u0131z. Maalesef i\u015fin i\u00e7erisine biraz beceri giriyor. Rakip tak\u0131m oyuncular\u0131 beceriyi g\u00f6sterdiler. Golleri att\u0131lar. Ma\u00e7\u0131 kazand\u0131lar. Bizim oyuncular\u0131m\u0131z biraz beceriyi g\u00f6steremediler maalesef. O kadar pozisyon yakalam\u0131\u015fken bunlardan bir tanesini atman\u0131z gerekiyor. Atamay\u0131nca zaten k\u0131r\u0131lgan bir tak\u0131m\u0131z, ondan sonra da zaten biraz risk ald\u0131k. Rakip ge\u00e7i\u015ften 3. gol\u00fc att\u0131. \u0130\u015fimiz zor yani g\u00f6rd\u00fc\u011f\u00fcn\u00fcz gibi m\u00fccadele ediyoruz. \u0130nan\u0131lmaz \u00e7al\u0131\u015f\u0131yoruz. Her \u015feyi g\u00f6stermeye \u00e7al\u0131\u015f\u0131yoruz. Ama biraz bu i\u015fin i\u00e7erisine beceride girince maalesef \u00f6n b\u00f6lgede \u00f6zellikle \u00fcretkenlik anlam\u0131nda \u00e7ok b\u00fcy\u00fck s\u0131k\u0131nt\u0131lar\u0131m\u0131z var. Hele ki geriye d\u00fc\u015ft\u00fc\u011f\u00fcm\u00fcz zaman bu s\u0131k\u0131nt\u0131 daha da boy g\u00f6steriyor. Rakip biraz daha kapal\u0131 oynad\u0131\u011f\u0131 zaman a\u00e7makta daha da \u00e7ok zorlan\u0131yoruz. O y\u00fczden en b\u00fcy\u00fck eksikliklerimizden, en b\u00fcy\u00fck sorunlar\u0131m\u0131zdan bir tanesi bu. Bakacak olursak rakip tak\u0131m ceza sahas\u0131na 7 kere girmi\u015f. 3 tane gol atm\u0131\u015f. Biz 31 kere girmi\u015fiz. Gol\u00fcm\u00fcz yok. Ge\u00e7en hafta 35 kere girmi\u015fiz. Bir tane gol penalt\u0131dan bulabilmi\u015fiz. Bizim analizimizi yapacak rakipler bu verilere bakarlarsa bizim zaten eksik noktam\u0131z\u0131 \u00e7\u00f6zebilirler. Bir \u015fey diyemiyorum, bakaca\u011f\u0131z. Yapacak bir \u015fey yok. Her \u015fey yine de kendi elimizde. \u00d6n\u00fcm\u00fczdeki ma\u00e7lara bakaca\u011f\u0131z&#8221; ifadelerini kulland\u0131.<br \/><\/p>\n","protected":false},"excerpt":{"rendered":"<p>Trendyol 1. Lig\u2019in 30. haftas\u0131nda Manisa FK\u2019nin 3-0\u2019l\u0131k galibiyetiyle sonu\u00e7lanan Sar\u0131yer ma\u00e7\u0131n\u0131n ard\u0131ndan her iki tak\u0131m\u0131n teknik direkt\u00f6r\u00fc de a\u00e7\u0131klamalarda bulundu. Trendyol 1. Lig\u2019in 30. hafta kar\u015f\u0131la\u015fmas\u0131nda Manisa FK, evinde kar\u015f\u0131la\u015ft\u0131\u011f\u0131 Sar\u0131yer\u2019i 3-0 ma\u011flup etti. Ma\u00e7\u0131n ard\u0131ndan a\u00e7\u0131klamalarda bulunan Manisa FK Teknik Direkt\u00f6r\u00fc Ahmet Pekta\u015f, &#8220;\u0130\u015fin do\u011frusunu ge\u00e7en haftay\u0131 telafi etmemiz gerekiyordu. Ama \u00e7ok fazla&#8230;<\/p>\n","protected":false},"author":1,"featured_media":93346,"comment_status":"open","ping_status":"open","sticky":false,"template":"","format":"standard","meta":{"_crdt_document":"","footnotes":""},"categories":[4],"tags":[],"class_list":["post-93345","post","type-post","status-publish","format-standard","has-post-thumbnail","hentry","category-spor"],"_links":{"self":[{"href":"https:\/\/www.egemtv.com\/index.php?rest_route=\/wp\/v2\/posts\/93345","targetHints":{"allow":["GET"]}}],"collection":[{"href":"https:\/\/www.egemtv.com\/index.php?rest_route=\/wp\/v2\/posts"}],"about":[{"href":"https:\/\/www.egemtv.com\/index.php?rest_route=\/wp\/v2\/types\/post"}],"author":[{"embeddable":true,"href":"https:\/\/www.egemtv.com\/index.php?rest_route=\/wp\/v2\/users\/1"}],"replies":[{"embeddable":true,"href":"https:\/\/www.egemtv.com\/index.php?rest_route=%2Fwp%2Fv2%2Fcomments&post=93345"}],"version-history":[{"count":1,"href":"https:\/\/www.egemtv.com\/index.php?rest_route=\/wp\/v2\/posts\/93345\/revisions"}],"predecessor-version":[{"id":93347,"href":"https:\/\/www.egemtv.com\/index.php?rest_route=\/wp\/v2\/posts\/93345\/revisions\/93347"}],"wp:featuredmedia":[{"embeddable":true,"href":"https:\/\/www.egemtv.com\/index.php?rest_route=\/wp\/v2\/media\/93346"}],"wp:attachment":[{"href":"https:\/\/www.egemtv.com\/index.php?rest_route=%2Fwp%2Fv2%2Fmedia&parent=93345"}],"wp:term":[{"taxonomy":"category","embeddable":true,"href":"https:\/\/www.egemtv.com\/index.php?rest_route=%2Fwp%2Fv2%2Fcategories&post=93345"},{"taxonomy":"post_tag","embeddable":true,"href":"https:\/\/www.egemtv.com\/index.php?rest_route=%2Fwp%2Fv2%2Ftags&post=93345"}],"curies":[{"name":"wp","href":"https:\/\/api.w.org\/{rel}","templated":true}]}}