{"id":93339,"date":"2026-03-10T23:35:00","date_gmt":"2026-03-10T20:35:00","guid":{"rendered":"https:\/\/www.egemtv.com\/?p=93339"},"modified":"2026-03-10T23:35:01","modified_gmt":"2026-03-10T20:35:01","slug":"izmirde-taksi-soforunu-olduren-supheli-tutuklandi","status":"publish","type":"post","link":"https:\/\/www.egemtv.com\/?p=93339","title":{"rendered":"\u0130zmir\u2019de taksi \u015fof\u00f6r\u00fcn\u00fc \u00f6ld\u00fcren \u015f\u00fcpheli tutukland\u0131"},"content":{"rendered":"<p>\u0130zmir\u2019in Konak il\u00e7esinde \u00fccret tart\u0131\u015fmas\u0131 ya\u015fad\u0131\u011f\u0131 taksi \u015fof\u00f6r\u00fcn\u00fc tabancayla vurarak \u00f6ld\u00fcren \u015fah\u0131s, \u00e7\u0131kar\u0131ld\u0131\u011f\u0131 mahkemece tutukland\u0131.<br \/>\n<br \/>Olay, d\u00fcn saat 23.15 s\u0131ralar\u0131nda Basmane Kap\u0131lar mevkisinde meydana geldi. Edinilen bilgiye g\u00f6re, D.M. isimli \u015f\u00fcpheli, Deniz \u00d6rer\u2019in (52) kulland\u0131\u011f\u0131 ticari taksiye yolcu olarak bindi. \u0130ddiaya g\u00f6re, yolculuk esnas\u0131nda \u015fof\u00f6r ile yolcu aras\u0131nda \u00fccret konusunda tart\u0131\u015fma \u00e7\u0131kt\u0131. B\u00fcy\u00fcyen tart\u0131\u015fma sonucunda D.M., yan\u0131ndaki tabancayla taksi \u015fof\u00f6r\u00fc \u00d6rer\u2019e ate\u015f etti. \u00d6rer a\u011f\u0131r yaralan\u0131rken, \u015f\u00fcpheli D.M. ticari taksisinin direksiyonuna ge\u00e7erek olay yerinden uzakla\u015ft\u0131. Bir s\u00fcre ara\u00e7la ka\u00e7an \u015f\u00fcpheli, taksiyi bir sokak \u00fczerinde terk ederek ka\u00e7\u0131\u015f\u0131na yaya olarak devam etti. \u0130hbar \u00fczerine b\u00f6lgeye \u00e7ok say\u0131da polis ve sa\u011fl\u0131k ekibi sevk edildi. Sa\u011fl\u0131k ekiplerince yap\u0131lan kontrolde taksi \u015fof\u00f6r\u00fcn\u00fcn olay yerinde hayat\u0131n\u0131 kaybetti\u011fi belirlendi. Evli ve bir \u00e7ocuk babas\u0131 oldu\u011fu \u00f6\u011frenilen \u00d6rer\u2019in cans\u0131z bedeni, \u0130zmir Adli T\u0131p Kurumu morguna kald\u0131r\u0131ld\u0131.<\/p>\n<p>Tutukland\u0131<br \/>\n<br \/>Polis ekipleri, ka\u00e7an \u015fahs\u0131 yakalamak i\u00e7in \u00e7al\u0131\u015fma ba\u015flatt\u0131. Yap\u0131lan ara\u015ft\u0131rmalar sonucunda kimli\u011fi ve ka\u00e7\u0131\u015f g\u00fczergah\u0131 tespit edilen \u015f\u00fcpheli D.M., k\u0131sa s\u00fcrede yakalanarak g\u00f6zalt\u0131na al\u0131nd\u0131. \u015e\u00fcphelinin \u00fczerinde olayda kulland\u0131\u011f\u0131 tabanca da ele ge\u00e7irildi. Emniyetteki sorgusunun ard\u0131ndan adliyeye sevk edilen D.M., \u00e7\u0131kar\u0131ld\u0131\u011f\u0131 mahkemece tutuklanarak cezaevine g\u00f6nderildi.<br \/><\/p>\n","protected":false},"excerpt":{"rendered":"<p>\u0130zmir\u2019in Konak il\u00e7esinde \u00fccret tart\u0131\u015fmas\u0131 ya\u015fad\u0131\u011f\u0131 taksi \u015fof\u00f6r\u00fcn\u00fc tabancayla vurarak \u00f6ld\u00fcren \u015fah\u0131s, \u00e7\u0131kar\u0131ld\u0131\u011f\u0131 mahkemece tutukland\u0131. Olay, d\u00fcn saat 23.15 s\u0131ralar\u0131nda Basmane Kap\u0131lar mevkisinde meydana geldi. Edinilen bilgiye g\u00f6re, D.M. isimli \u015f\u00fcpheli, Deniz \u00d6rer\u2019in (52) kulland\u0131\u011f\u0131 ticari taksiye yolcu olarak bindi. \u0130ddiaya g\u00f6re, yolculuk esnas\u0131nda \u015fof\u00f6r ile yolcu aras\u0131nda \u00fccret konusunda tart\u0131\u015fma \u00e7\u0131kt\u0131. B\u00fcy\u00fcyen tart\u0131\u015fma sonucunda&#8230;<\/p>\n","protected":false},"author":1,"featured_media":93340,"comment_status":"open","ping_status":"open","sticky":false,"template":"","format":"standard","meta":{"_crdt_document":"","footnotes":""},"categories":[5],"tags":[],"class_list":["post-93339","post","type-post","status-publish","format-standard","has-post-thumbnail","hentry","category-asayis"],"_links":{"self":[{"href":"https:\/\/www.egemtv.com\/index.php?rest_route=\/wp\/v2\/posts\/93339","targetHints":{"allow":["GET"]}}],"collection":[{"href":"https:\/\/www.egemtv.com\/index.php?rest_route=\/wp\/v2\/posts"}],"about":[{"href":"https:\/\/www.egemtv.com\/index.php?rest_route=\/wp\/v2\/types\/post"}],"author":[{"embeddable":true,"href":"https:\/\/www.egemtv.com\/index.php?rest_route=\/wp\/v2\/users\/1"}],"replies":[{"embeddable":true,"href":"https:\/\/www.egemtv.com\/index.php?rest_route=%2Fwp%2Fv2%2Fcomments&post=93339"}],"version-history":[{"count":1,"href":"https:\/\/www.egemtv.com\/index.php?rest_route=\/wp\/v2\/posts\/93339\/revisions"}],"predecessor-version":[{"id":93341,"href":"https:\/\/www.egemtv.com\/index.php?rest_route=\/wp\/v2\/posts\/93339\/revisions\/93341"}],"wp:featuredmedia":[{"embeddable":true,"href":"https:\/\/www.egemtv.com\/index.php?rest_route=\/wp\/v2\/media\/93340"}],"wp:attachment":[{"href":"https:\/\/www.egemtv.com\/index.php?rest_route=%2Fwp%2Fv2%2Fmedia&parent=93339"}],"wp:term":[{"taxonomy":"category","embeddable":true,"href":"https:\/\/www.egemtv.com\/index.php?rest_route=%2Fwp%2Fv2%2Fcategories&post=93339"},{"taxonomy":"post_tag","embeddable":true,"href":"https:\/\/www.egemtv.com\/index.php?rest_route=%2Fwp%2Fv2%2Ftags&post=93339"}],"curies":[{"name":"wp","href":"https:\/\/api.w.org\/{rel}","templated":true}]}}