{"id":93336,"date":"2026-03-10T23:17:41","date_gmt":"2026-03-10T20:17:41","guid":{"rendered":"https:\/\/www.egemtv.com\/?p=93336"},"modified":"2026-03-10T23:17:42","modified_gmt":"2026-03-10T20:17:42","slug":"motosikletler-kafa-kafaya-carpisti-1-yarali","status":"publish","type":"post","link":"https:\/\/www.egemtv.com\/?p=93336","title":{"rendered":"Motosikletler kafa kafaya \u00e7arp\u0131\u015ft\u0131: 1 yaral\u0131"},"content":{"rendered":"<p>Ayd\u0131n\u2019\u0131n Efeler il\u00e7esinde iki motosikletin kafa kafaya \u00e7arp\u0131\u015fmas\u0131 sonucu meydana gelen kazada 1 ki\u015fi yaraland\u0131.<\/p>\n<p>Kaza, Bat\u0131 Gazi Bulvar\u0131 \u00fczerinde meydana geldi. Edinilen bilgiye g\u00f6re Ramazanpa\u015fa Camii istikametinde seyir halinde olan motosiklet ile kar\u015f\u0131 y\u00f6nden gelen ve K\u0131z\u0131lay Caddesi\u2019ne d\u00f6n\u00fc\u015f yapmak isteyen bir ba\u015fka motosiklet kafa kafaya \u00e7arp\u0131\u015ft\u0131. \u00c7arp\u0131\u015fman\u0131n etkisiyle d\u00f6n\u00fc\u015f yapmak isteyen motosiklet s\u00fcr\u00fcc\u00fcs\u00fc yere savrularak yaraland\u0131. Kazay\u0131 g\u00f6renler durumu 112 Acil \u00c7a\u011fr\u0131 Merkezi\u2019ne bildirdi. \u0130hbar \u00fczerine b\u00f6lgeye polis ve sa\u011fl\u0131k ekipleri sevk edildi. K\u0131sa s\u00fcrede olay yerine gelen sa\u011fl\u0131k ekipleri, yaral\u0131y\u0131 ilk m\u00fcdahalenin ard\u0131ndan ambulansla Ayd\u0131n Devlet Hastanesi\u2019ne kald\u0131r\u0131ld\u0131. Yaral\u0131 s\u00fcr\u00fcc\u00fcn\u00fcn hayati tehlikesinin bulunmad\u0131\u011f\u0131 \u00f6\u011frenilirken, kaza an\u0131 b\u00f6lgedeki bir i\u015fyerinin g\u00fcvenlik kameras\u0131na anbean yans\u0131d\u0131. G\u00f6r\u00fcnt\u00fclerde motosikletlerin \u00e7arp\u0131\u015fmas\u0131 ve s\u00fcr\u00fcc\u00fcn\u00fcn yere savrulmas\u0131 yer ald\u0131. Kaza ile ilgili inceleme ba\u015flat\u0131ld\u0131.<br \/><\/p>\n","protected":false},"excerpt":{"rendered":"<p>Ayd\u0131n\u2019\u0131n Efeler il\u00e7esinde iki motosikletin kafa kafaya \u00e7arp\u0131\u015fmas\u0131 sonucu meydana gelen kazada 1 ki\u015fi yaraland\u0131. Kaza, Bat\u0131 Gazi Bulvar\u0131 \u00fczerinde meydana geldi. Edinilen bilgiye g\u00f6re Ramazanpa\u015fa Camii istikametinde seyir halinde olan motosiklet ile kar\u015f\u0131 y\u00f6nden gelen ve K\u0131z\u0131lay Caddesi\u2019ne d\u00f6n\u00fc\u015f yapmak isteyen bir ba\u015fka motosiklet kafa kafaya \u00e7arp\u0131\u015ft\u0131. \u00c7arp\u0131\u015fman\u0131n etkisiyle d\u00f6n\u00fc\u015f yapmak isteyen motosiklet s\u00fcr\u00fcc\u00fcs\u00fc&#8230;<\/p>\n","protected":false},"author":1,"featured_media":93337,"comment_status":"open","ping_status":"open","sticky":false,"template":"","format":"standard","meta":{"_crdt_document":"","footnotes":""},"categories":[5],"tags":[],"class_list":["post-93336","post","type-post","status-publish","format-standard","has-post-thumbnail","hentry","category-asayis"],"_links":{"self":[{"href":"https:\/\/www.egemtv.com\/index.php?rest_route=\/wp\/v2\/posts\/93336","targetHints":{"allow":["GET"]}}],"collection":[{"href":"https:\/\/www.egemtv.com\/index.php?rest_route=\/wp\/v2\/posts"}],"about":[{"href":"https:\/\/www.egemtv.com\/index.php?rest_route=\/wp\/v2\/types\/post"}],"author":[{"embeddable":true,"href":"https:\/\/www.egemtv.com\/index.php?rest_route=\/wp\/v2\/users\/1"}],"replies":[{"embeddable":true,"href":"https:\/\/www.egemtv.com\/index.php?rest_route=%2Fwp%2Fv2%2Fcomments&post=93336"}],"version-history":[{"count":1,"href":"https:\/\/www.egemtv.com\/index.php?rest_route=\/wp\/v2\/posts\/93336\/revisions"}],"predecessor-version":[{"id":93338,"href":"https:\/\/www.egemtv.com\/index.php?rest_route=\/wp\/v2\/posts\/93336\/revisions\/93338"}],"wp:featuredmedia":[{"embeddable":true,"href":"https:\/\/www.egemtv.com\/index.php?rest_route=\/wp\/v2\/media\/93337"}],"wp:attachment":[{"href":"https:\/\/www.egemtv.com\/index.php?rest_route=%2Fwp%2Fv2%2Fmedia&parent=93336"}],"wp:term":[{"taxonomy":"category","embeddable":true,"href":"https:\/\/www.egemtv.com\/index.php?rest_route=%2Fwp%2Fv2%2Fcategories&post=93336"},{"taxonomy":"post_tag","embeddable":true,"href":"https:\/\/www.egemtv.com\/index.php?rest_route=%2Fwp%2Fv2%2Ftags&post=93336"}],"curies":[{"name":"wp","href":"https:\/\/api.w.org\/{rel}","templated":true}]}}