{"id":93327,"date":"2026-03-10T22:54:54","date_gmt":"2026-03-10T19:54:54","guid":{"rendered":"https:\/\/www.egemtv.com\/?p=93327"},"modified":"2026-03-10T22:54:55","modified_gmt":"2026-03-10T19:54:55","slug":"trendyol-1-lig-manisa-fk-3-sariyer-0","status":"publish","type":"post","link":"https:\/\/www.egemtv.com\/?p=93327","title":{"rendered":"Trendyol 1. Lig: Manisa FK: 3 &#8211; Sar\u0131yer: 0"},"content":{"rendered":"<p>Trendyol 1. Lig\u2019in 30. haftas\u0131nda Manisa Futbol Kul\u00fcb\u00fc, sahas\u0131nda Sar\u0131yer\u2019i 3-0 ma\u011flup etti.<\/p>\n<p>Ma\u00e7tan dakikalar<br \/>\n<br \/>11. dakikada Ayberk\u2019in sa\u011f kanattan ortalad\u0131\u011f\u0131 topa kale alan\u0131n gerisinden Diony\u2019nin a\u015f\u0131rtma kafa vuru\u015funda, me\u015fin yuvarlak kaleci Mert\u2019in \u00fczerinden a\u011flarla bulu\u015ftu. 1-0<br \/>\n<br \/>19. dakikada sa\u011f kanattan geli\u015fen Manisa FK ata\u011f\u0131nda Ayberk\u2019in iki savunma oyuncusundan s\u0131yr\u0131larak ceza sahas\u0131 i\u00e7i sa\u011f \u00e7aprazdan sert \u015futunda me\u015fin yuvarlak kaleci Mert\u2019te kald\u0131.<br \/>\n<br \/>23. dakikada sol kanattan \u00d6mer\u2019in ceza sahas\u0131 i\u00e7erisine ortalad\u0131\u011f\u0131 top sekerek arka direkte Enver\u2019in \u00f6n\u00fcnde kald\u0131. Bu oyuncunun geli\u015fine vuru\u015funda me\u015fin yuvarlak yan a\u011flarda kald\u0131.<br \/>\n<br \/>39. dakikada Sar\u0131yer\u2019de sol kanatta \u00d6mer\u2019in rakibinden s\u0131yr\u0131ld\u0131ktan sonra ceza sahas\u0131 yay\u0131 \u00fczerinde bekleyen arkada\u015f\u0131 Cebrail\u2019e pas\u0131n\u0131 \u00e7\u0131kard\u0131. Cebrail\u2019in sa\u011f aya\u011f\u0131yla sert \u015futunda kaleci Vedat, \u00e7ift yumrukla me\u015fin yuvarla\u011f\u0131 uzakla\u015ft\u0131rd\u0131.<br \/>\n<br \/>47. dakikada Cissokho sol kanatta \u00d6mer\u2019in aya\u011f\u0131na basmas\u0131 sebebiyle hakem taraf\u0131ndan ikinci sar\u0131 karttan k\u0131rm\u0131z\u0131 kartla cezaland\u0131r\u0131larak oyun d\u0131\u015f\u0131na g\u00f6nderildi.<br \/>\n<br \/>57. dakikada merkezden geli\u015fen h\u0131zl\u0131 h\u00fccumda Lindseth, sa\u011f kanattan hareketlenen Adekanye ile topu bulu\u015fturdu. Adekanye, ceza sahas\u0131 \u00e7izgisine yak\u0131n bir noktadan kaleye g\u00f6nderdi\u011fi falsolu \u015futta me\u015fin yuvarla\u011f\u0131 filelere g\u00f6nderdi. 2-0<br \/>\n<br \/>82. dakikada sa\u011f kanattan geli\u015fen Sar\u0131yer ata\u011f\u0131nda Poko\u2019nun sa\u011f \u00e7izgi \u00fczerinden \u00e7evirdi\u011fi topu Batuhan g\u00f6\u011fs\u00fcyle arkada\u015f\u0131 Ozan\u2019a indirdi. Ozan\u2019\u0131n penalt\u0131 noktas\u0131n\u0131n ilerisinden geli\u015fine vuru\u015funda kaleci Vedat gole izin vermedi.<br \/>\n<br \/>86. dakikada Sar\u0131yer ata\u011f\u0131nda sa\u011f \u00e7aprazdan ceza sahas\u0131 i\u00e7erisine giren Eze, kale alan\u0131 gerisinde bekleyen Batuhan\u2019a pas\u0131n\u0131 aktard\u0131. Batuhan\u2019\u0131n altpas \u00e7izgisinin hemen \u00f6n\u00fcnde m\u00fcsait pozisyonda yapt\u0131\u011f\u0131 vuru\u015fta, me\u015fin yuvarlak dire\u011fin \u00fczerinden auta g\u00f6nderdi.<br \/>\n<br \/>90+1. dakikada Lindseth, savunma arkas\u0131na ko\u015fu yapan Diony\u2019e pas\u0131n\u0131 aktard\u0131. Sol \u00e7aprazdan ceza sahas\u0131 i\u00e7erisine giren Diony, daha m\u00fcsait pozisyondaki arkada\u015f\u0131 Osman\u2019a topu b\u0131rakt\u0131. Osman\u2019\u0131n ceza sahas\u0131 i\u00e7erisinde geli\u015fine vuru\u015funda me\u015fin yuvarlak a\u011flarla bulu\u015ftu. 3-0<\/p>\n<p>Stat: Manisa 19 May\u0131s<br \/>\n<br \/>Hakemler: Bu\u011fra Ta\u015fk\u0131nsoy, Serdar Osman Akarsu, Kerem Kalkan<br \/>\n<br \/>Manisa FK: Vedat Karaku\u015f, Ayberk Karapo, Herelle, Kubilay S\u00f6nmez (Yasin dk. 87), Umut Erdem, Cissokho, Muhammed Kiprit (Yunus Emre Dursun dk. 57), Lindseth, Vargas (Osman Kahraman dk. 87), Adakanye (Yusuf Talum dk. 74), Diony<br \/>\n<br \/>Yedekler: Metehan Ba\u015far, Ada \u0130bik, Umut Can Aslan, Emre Akbo\u011fa, Mustafa Uslu, Ahmet \u015een<br \/>\n<br \/>Teknik Direkt\u00f6r: Ahmet Pekta\u015f<br \/>\n<br \/>Sar\u0131yer: Mert Furkan Bayram, Cebrail Karayel, Fethi \u00d6zer (Metehan Mert dk.69), Caner Osmanpa\u015fa (Ahmet Ercan Ekmekci dk.76), \u00d6mer Bayram, Emre Ye\u015filyurt (Ayta\u00e7 Kara dk. 63), Enver Kulasin (Ozan Sol dk.60) , Marcos Silva, Poko, Camara, Emeka Eze (Batuhan K\u00f6r dk. 46)<br \/>\n<br \/>Yedekler: Furkan Onur Aky\u00fcz, E\u015fref Korkmazo\u011flu, O\u011fuzhan Y\u0131lmaz, Hamidou Traore, Berkay Aydo\u011fmu\u015f<br \/>\n<br \/>Teknik Direkt\u00f6r: Servet \u00c7etin<br \/>\n<br \/>Goller: Diony (dk. 11), Adekanye (dk. 57), Osman Kahraman (dk. 90+1) (Manisa FK)<br \/>\n<br \/>K\u0131rm\u0131z\u0131 kart: Cissokho (dk.47) (Manisa FK)<br \/>\n<br \/>Sar\u0131 kartlar: Muhammed, Yunus Emre (Manisa FK), \u00d6mer Bayram, Fethi \u00d6zer, Ozan Sol(Sar\u0131yer)<br \/><\/p>\n","protected":false},"excerpt":{"rendered":"<p>Trendyol 1. Lig\u2019in 30. haftas\u0131nda Manisa Futbol Kul\u00fcb\u00fc, sahas\u0131nda Sar\u0131yer\u2019i 3-0 ma\u011flup etti. Ma\u00e7tan dakikalar 11. dakikada Ayberk\u2019in sa\u011f kanattan ortalad\u0131\u011f\u0131 topa kale alan\u0131n gerisinden Diony\u2019nin a\u015f\u0131rtma kafa vuru\u015funda, me\u015fin yuvarlak kaleci Mert\u2019in \u00fczerinden a\u011flarla bulu\u015ftu. 1-0 19. dakikada sa\u011f kanattan geli\u015fen Manisa FK ata\u011f\u0131nda Ayberk\u2019in iki savunma oyuncusundan s\u0131yr\u0131larak ceza sahas\u0131 i\u00e7i sa\u011f \u00e7aprazdan&#8230;<\/p>\n","protected":false},"author":1,"featured_media":93328,"comment_status":"open","ping_status":"open","sticky":false,"template":"","format":"standard","meta":{"_crdt_document":"","footnotes":""},"categories":[4],"tags":[],"class_list":["post-93327","post","type-post","status-publish","format-standard","has-post-thumbnail","hentry","category-spor"],"_links":{"self":[{"href":"https:\/\/www.egemtv.com\/index.php?rest_route=\/wp\/v2\/posts\/93327","targetHints":{"allow":["GET"]}}],"collection":[{"href":"https:\/\/www.egemtv.com\/index.php?rest_route=\/wp\/v2\/posts"}],"about":[{"href":"https:\/\/www.egemtv.com\/index.php?rest_route=\/wp\/v2\/types\/post"}],"author":[{"embeddable":true,"href":"https:\/\/www.egemtv.com\/index.php?rest_route=\/wp\/v2\/users\/1"}],"replies":[{"embeddable":true,"href":"https:\/\/www.egemtv.com\/index.php?rest_route=%2Fwp%2Fv2%2Fcomments&post=93327"}],"version-history":[{"count":1,"href":"https:\/\/www.egemtv.com\/index.php?rest_route=\/wp\/v2\/posts\/93327\/revisions"}],"predecessor-version":[{"id":93329,"href":"https:\/\/www.egemtv.com\/index.php?rest_route=\/wp\/v2\/posts\/93327\/revisions\/93329"}],"wp:featuredmedia":[{"embeddable":true,"href":"https:\/\/www.egemtv.com\/index.php?rest_route=\/wp\/v2\/media\/93328"}],"wp:attachment":[{"href":"https:\/\/www.egemtv.com\/index.php?rest_route=%2Fwp%2Fv2%2Fmedia&parent=93327"}],"wp:term":[{"taxonomy":"category","embeddable":true,"href":"https:\/\/www.egemtv.com\/index.php?rest_route=%2Fwp%2Fv2%2Fcategories&post=93327"},{"taxonomy":"post_tag","embeddable":true,"href":"https:\/\/www.egemtv.com\/index.php?rest_route=%2Fwp%2Fv2%2Ftags&post=93327"}],"curies":[{"name":"wp","href":"https:\/\/api.w.org\/{rel}","templated":true}]}}